{"id":122986,"date":"2024-07-04T01:16:11","date_gmt":"2024-07-04T06:16:11","guid":{"rendered":"https:\/\/elinformanteperu.com\/?p=122986"},"modified":"2024-07-04T01:20:20","modified_gmt":"2024-07-04T06:20:20","slug":"revocan-acuerdo-de-colaboracion-eficaz-con-jorge-barata-y-piden-que-sea-denunciado","status":"publish","type":"post","link":"https:\/\/elinformanteperu.com\/index.php\/2024\/07\/04\/revocan-acuerdo-de-colaboracion-eficaz-con-jorge-barata-y-piden-que-sea-denunciado\/","title":{"rendered":"Revocan acuerdo de colaboraci\u00f3n eficaz con Jorge Barata y piden que sea denunciado"},"content":{"rendered":"<p><span style=\"color: #000000;\"><strong>Lima, 03 de Julio 2024, (ANDINA).-<\/strong> El Quinto Juzgado de Investigaci\u00f3n Preparatoria Nacional del Poder Judicial revoc\u00f3 el acuerdo de colaboraci\u00f3n eficaz con Jorge Barata, exdirectivo de la empresa Odebrecht, y orden\u00f3 a la Fiscal\u00eda que lo acuse penalmente en los procesos penales correspondientes.<\/span><\/p>\n<p><span style=\"color: #000000;\">Con esta medida, dictada por la jueza Margarita Salcedo, se deja sin efecto la condici\u00f3n de colaborador eficaz que hab\u00eda alcanzado, en el marco de las investigaciones por el delito de organizaci\u00f3n criminal que lleva adelante en su contra el equipo especial de fiscales del caso Lava Jato.<\/span><\/p>\n<p><span style=\"color: #000000;\">La resoluci\u00f3n judicial se da luego de la audiencia judicial en la cual el fiscal Jos\u00e9 Domingo P\u00e9rez demostr\u00f3 que el exfuncionario de Odebrecht incumpli\u00f3 su obligaci\u00f3n de declarar, en calidad de testigo, durante el juzgamiento seguido contra el expresidente Ollanta Humala.<\/span><\/p>\n<p><span style=\"color: #000000;\">Precisa que Barata fue notificado hasta en cinco oportunidades para declarar como testigo en este proceso y que la obligaci\u00f3n de declarar de Barata \u201cno es discrecional, sino un imperativo legal derivado del acuerdo de colaboraci\u00f3n eficaz\u201d.<\/span><\/p>\n<p><span style=\"color: #000000;\">\u201cVerificando que no ha concurrido a las citaciones efectuadas por parte del Tercer Juzgado Colegiado, existe una flagrante violaci\u00f3n del deber de colaborar con la justicia peruana\u201d, refiere la resoluci\u00f3n judicial.<\/span><\/p>\n<p><span style=\"color: #000000;\">El acuerdo con la empresa Odebrecht y sus otros exfuncionarios contin\u00faa en plena ejecuci\u00f3n, habiendo prestado sus declaraciones en los juzgamientos seguidos ante la Corte de Justicia Especializada Nacional.<\/span><\/p>\n<p><a href=\"https:\/\/elinformanteperu.com\/wp-content\/uploads\/2019\/09\/jorge-barata.jpg\"><img fetchpriority=\"high\" decoding=\"async\" class=\"size-large wp-image-57833 aligncenter\" src=\"https:\/\/elinformanteperu.com\/wp-content\/uploads\/2019\/09\/jorge-barata-1024x683.jpg\" alt=\"\" width=\"615\" height=\"410\" srcset=\"https:\/\/elinformanteperu.com\/wp-content\/uploads\/2019\/09\/jorge-barata-1024x683.jpg 1024w, https:\/\/elinformanteperu.com\/wp-content\/uploads\/2019\/09\/jorge-barata-300x200.jpg 300w, https:\/\/elinformanteperu.com\/wp-content\/uploads\/2019\/09\/jorge-barata-768x512.jpg 768w, https:\/\/elinformanteperu.com\/wp-content\/uploads\/2019\/09\/jorge-barata-128x85.jpg 128w, https:\/\/elinformanteperu.com\/wp-content\/uploads\/2019\/09\/jorge-barata-32x21.jpg 32w, https:\/\/elinformanteperu.com\/wp-content\/uploads\/2019\/09\/jorge-barata.jpg 1800w\" sizes=\"(max-width: 615px) 100vw, 615px\" \/><\/a><\/p>\n","protected":false},"excerpt":{"rendered":"<p>Lima, 03 de Julio 2024, (ANDINA).- El Quinto Juzgado de Investigaci\u00f3n Preparatoria Nacional del Poder Judicial revoc\u00f3 el acuerdo de colaboraci\u00f3n eficaz con Jorge Barata, exdirectivo de la empresa Odebrecht, y orden\u00f3 a la Fiscal\u00eda que lo acuse penalmente en los procesos penales correspondientes. Con esta medida, dictada por la jueza Margarita Salcedo, se deja [&hellip;]<\/p>\n","protected":false},"author":1,"featured_media":122987,"comment_status":"closed","ping_status":"closed","sticky":false,"template":"","format":"standard","meta":{"rop_custom_images_group":[],"rop_custom_messages_group":[],"rop_publish_now":"initial","rop_publish_now_accounts":[],"rop_publish_now_history":[],"rop_publish_now_status":"pending","footnotes":""},"categories":[5,5745],"tags":[430,1157,656,619],"class_list":["post-122986","post","type-post","status-publish","format-standard","has-post-thumbnail","hentry","category-actualidad-informativa","category-lo-ultimo","tag-fiscalia","tag-jorge-barata","tag-lava-jato","tag-odebrecht"],"_links":{"self":[{"href":"https:\/\/elinformanteperu.com\/index.php\/wp-json\/wp\/v2\/posts\/122986","targetHints":{"allow":["GET"]}}],"collection":[{"href":"https:\/\/elinformanteperu.com\/index.php\/wp-json\/wp\/v2\/posts"}],"about":[{"href":"https:\/\/elinformanteperu.com\/index.php\/wp-json\/wp\/v2\/types\/post"}],"author":[{"embeddable":true,"href":"https:\/\/elinformanteperu.com\/index.php\/wp-json\/wp\/v2\/users\/1"}],"replies":[{"embeddable":true,"href":"https:\/\/elinformanteperu.com\/index.php\/wp-json\/wp\/v2\/comments?post=122986"}],"version-history":[{"count":1,"href":"https:\/\/elinformanteperu.com\/index.php\/wp-json\/wp\/v2\/posts\/122986\/revisions"}],"predecessor-version":[{"id":122988,"href":"https:\/\/elinformanteperu.com\/index.php\/wp-json\/wp\/v2\/posts\/122986\/revisions\/122988"}],"wp:featuredmedia":[{"embeddable":true,"href":"https:\/\/elinformanteperu.com\/index.php\/wp-json\/wp\/v2\/media\/122987"}],"wp:attachment":[{"href":"https:\/\/elinformanteperu.com\/index.php\/wp-json\/wp\/v2\/media?parent=122986"}],"wp:term":[{"taxonomy":"category","embeddable":true,"href":"https:\/\/elinformanteperu.com\/index.php\/wp-json\/wp\/v2\/categories?post=122986"},{"taxonomy":"post_tag","embeddable":true,"href":"https:\/\/elinformanteperu.com\/index.php\/wp-json\/wp\/v2\/tags?post=122986"}],"curies":[{"name":"wp","href":"https:\/\/api.w.org\/{rel}","templated":true}]}}