{"id":122983,"date":"2024-07-04T01:12:35","date_gmt":"2024-07-04T06:12:35","guid":{"rendered":"https:\/\/elinformanteperu.com\/?p=122983"},"modified":"2024-07-04T01:12:35","modified_gmt":"2024-07-04T06:12:35","slug":"jnj-dispone-reponer-a-ines-tello-y-aldo-vasquez-en-cumplimiento-de-resolucion-judicial","status":"publish","type":"post","link":"https:\/\/elinformanteperu.com\/index.php\/2024\/07\/04\/jnj-dispone-reponer-a-ines-tello-y-aldo-vasquez-en-cumplimiento-de-resolucion-judicial\/","title":{"rendered":"JNJ dispone reponer a In\u00e9s Tello y Aldo V\u00e1squez en cumplimiento de resoluci\u00f3n judicial"},"content":{"rendered":"<p><span style=\"color: #000000;\"><strong>Lima, 03 de Julio 2024, (ANDINA).-<\/strong> La Junta Nacional de Justicia (JNJ) acord\u00f3 dar cumplimiento a la resoluci\u00f3n judicial que ordena reponer a In\u00e9s Tello y Aldo V\u00e1squez como miembros titulares de dicho colegiado, tras haber sido destituidos por el Congreso.<\/span><\/p>\n<p><span style=\"color: #000000;\">A trav\u00e9s de una resoluci\u00f3n emitida hoy 3 de julio, la JNJ aprob\u00f3 atender lo resuelto por la Primera Sala Constitucional de la Corte Superior de Justicia de Lima, que dispuso reponer en el d\u00eda a Tello de \u00d1ecco y V\u00e1squez R\u00edos.<\/span><\/p>\n<p><span style=\"color: #000000;\">Asimismo, se acuerda comunicar dicha decisi\u00f3n a ambos, as\u00ed como poner la resoluci\u00f3n en conocimiento de la Primera Sala Constitucional. El documento lleva la firma del presidente de la JNJ, Antonio De la Haza.<\/span><\/p>\n<p><span style=\"color: #000000;\">La resoluci\u00f3n emitida por el Poder Judicial declara fundada la demanda de amparo interpuesta por Tello, V\u00e1squez, De la Haza, Imelda Tumial\u00e1n, Mar\u00eda Zavala y Guillermo Thornberry, miembros de la Junta.<\/span><\/p>\n<p><span style=\"color: #000000;\">En esa l\u00ednea, dispone la nulidad del informe final de la Subcomisi\u00f3n de Acusaciones Constitucionales aprobado por la Comisi\u00f3n Permanente del Congreso que los acusaba.<\/span><\/p>\n<p><span style=\"color: #000000;\">Como se recuerda, el pleno del Congreso acord\u00f3 inhabilitar por 10 a\u00f1os para el ejercicio de la funci\u00f3n p\u00fablica tanto a In\u00e9s Tello como a Aldo V\u00e1squez y se declar\u00f3 la vacancia de sus cargos.<\/span><\/p>\n<p><a href=\"https:\/\/elinformanteperu.com\/wp-content\/uploads\/2019\/12\/Junta-Nacional-de-Justicia.jpg\"><img fetchpriority=\"high\" decoding=\"async\" class=\"size-large wp-image-62614 aligncenter\" src=\"https:\/\/elinformanteperu.com\/wp-content\/uploads\/2019\/12\/Junta-Nacional-de-Justicia-1024x731.jpg\" alt=\"\" width=\"615\" height=\"439\" srcset=\"https:\/\/elinformanteperu.com\/wp-content\/uploads\/2019\/12\/Junta-Nacional-de-Justicia-1024x731.jpg 1024w, https:\/\/elinformanteperu.com\/wp-content\/uploads\/2019\/12\/Junta-Nacional-de-Justicia-300x214.jpg 300w, https:\/\/elinformanteperu.com\/wp-content\/uploads\/2019\/12\/Junta-Nacional-de-Justicia-768x548.jpg 768w, https:\/\/elinformanteperu.com\/wp-content\/uploads\/2019\/12\/Junta-Nacional-de-Justicia-1536x1097.jpg 1536w, https:\/\/elinformanteperu.com\/wp-content\/uploads\/2019\/12\/Junta-Nacional-de-Justicia-128x91.jpg 128w, https:\/\/elinformanteperu.com\/wp-content\/uploads\/2019\/12\/Junta-Nacional-de-Justicia-32x23.jpg 32w, https:\/\/elinformanteperu.com\/wp-content\/uploads\/2019\/12\/Junta-Nacional-de-Justicia.jpg 1800w\" sizes=\"(max-width: 615px) 100vw, 615px\" \/><\/a><\/p>\n","protected":false},"excerpt":{"rendered":"<p>Lima, 03 de Julio 2024, (ANDINA).- La Junta Nacional de Justicia (JNJ) acord\u00f3 dar cumplimiento a la resoluci\u00f3n judicial que ordena reponer a In\u00e9s Tello y Aldo V\u00e1squez como miembros titulares de dicho colegiado, tras haber sido destituidos por el Congreso. A trav\u00e9s de una resoluci\u00f3n emitida hoy 3 de julio, la JNJ aprob\u00f3 atender [&hellip;]<\/p>\n","protected":false},"author":1,"featured_media":122984,"comment_status":"closed","ping_status":"closed","sticky":false,"template":"","format":"standard","meta":{"rop_custom_images_group":[],"rop_custom_messages_group":[],"rop_publish_now":"initial","rop_publish_now_accounts":[],"rop_publish_now_history":[],"rop_publish_now_status":"pending","footnotes":""},"categories":[5],"tags":[5186,5271,3693,3573],"class_list":["post-122983","post","type-post","status-publish","format-standard","has-post-thumbnail","hentry","category-actualidad-informativa","tag-aldo-vasquez-rios","tag-ines-tello","tag-jnj","tag-junta-nacional-de-justicia"],"_links":{"self":[{"href":"https:\/\/elinformanteperu.com\/index.php\/wp-json\/wp\/v2\/posts\/122983","targetHints":{"allow":["GET"]}}],"collection":[{"href":"https:\/\/elinformanteperu.com\/index.php\/wp-json\/wp\/v2\/posts"}],"about":[{"href":"https:\/\/elinformanteperu.com\/index.php\/wp-json\/wp\/v2\/types\/post"}],"author":[{"embeddable":true,"href":"https:\/\/elinformanteperu.com\/index.php\/wp-json\/wp\/v2\/users\/1"}],"replies":[{"embeddable":true,"href":"https:\/\/elinformanteperu.com\/index.php\/wp-json\/wp\/v2\/comments?post=122983"}],"version-history":[{"count":1,"href":"https:\/\/elinformanteperu.com\/index.php\/wp-json\/wp\/v2\/posts\/122983\/revisions"}],"predecessor-version":[{"id":122985,"href":"https:\/\/elinformanteperu.com\/index.php\/wp-json\/wp\/v2\/posts\/122983\/revisions\/122985"}],"wp:featuredmedia":[{"embeddable":true,"href":"https:\/\/elinformanteperu.com\/index.php\/wp-json\/wp\/v2\/media\/122984"}],"wp:attachment":[{"href":"https:\/\/elinformanteperu.com\/index.php\/wp-json\/wp\/v2\/media?parent=122983"}],"wp:term":[{"taxonomy":"category","embeddable":true,"href":"https:\/\/elinformanteperu.com\/index.php\/wp-json\/wp\/v2\/categories?post=122983"},{"taxonomy":"post_tag","embeddable":true,"href":"https:\/\/elinformanteperu.com\/index.php\/wp-json\/wp\/v2\/tags?post=122983"}],"curies":[{"name":"wp","href":"https:\/\/api.w.org\/{rel}","templated":true}]}}