{"id":122976,"date":"2024-07-04T01:06:21","date_gmt":"2024-07-04T06:06:21","guid":{"rendered":"https:\/\/elinformanteperu.com\/?p=122976"},"modified":"2024-07-04T01:06:21","modified_gmt":"2024-07-04T06:06:21","slug":"perros-detectores-de-explosivos-apoyaran-a-cascos-azules-peruanos-en-africa","status":"publish","type":"post","link":"https:\/\/elinformanteperu.com\/index.php\/2024\/07\/04\/perros-detectores-de-explosivos-apoyaran-a-cascos-azules-peruanos-en-africa\/","title":{"rendered":"Perros detectores de explosivos apoyar\u00e1n a cascos azules peruanos en \u00c1frica"},"content":{"rendered":"<p><span style=\"color: #000000;\"><strong>Lima, 03 de Julio 2024, (ANDINA).-<\/strong> El Ministerio de Defensa dio cuenta del env\u00edo de dos perros que apoyar\u00e1n al contingente de cascos azules peruanos enviados a la misi\u00f3n de paz de la Organizaci\u00f3n de las Naciones Unidas en la Rep\u00fablica Centroafricana.<\/span><\/p>\n<p><span style=\"color: #000000;\">Se trata de un par de canes, de raza pastor belga malinois, que acompa\u00f1ar\u00e1n al Noveno Contingente de la Compa\u00f1\u00eda de Ingenier\u00eda Per\u00fa.<\/span><\/p>\n<p><span style=\"color: #000000;\">Dichos animales fueron reentrenados en el Centro de Adiestramiento de la Escuela de Desminado Humanitario, de Pimentel, Chiclayo. All\u00ed se reforz\u00f3 su instrucci\u00f3n en obediencia avanzada para la b\u00fasqueda de explosivos en campos minados.<\/span><\/p>\n<p><span style=\"color: #000000;\">El trabajo que desempe\u00f1ar\u00e1n ser\u00e1 apoyar a la Unidad de Desactivaci\u00f3n de Artefactos Explosivos de los cascos azules durante un a\u00f1o, detectando explosivos sin detonar, minas antipersonales, minas anti tanque y artefactos explosivos improvisados.<\/span><\/p>\n<p><strong><span style=\"color: #000000;\">Perros con experiencia<\/span><\/strong><\/p>\n<p><span style=\"color: #000000;\">Previamente, los dos canes -llamados \u2018Zarex\u2019 y \u2018Divix\u2019- participaron en operaciones de limpieza de campos de batalla y en la frontera entre Per\u00fa y Ecuador apoyaron a las compa\u00f1\u00edas de desactivaci\u00f3n de explosivos que tienen la misi\u00f3n de retirar de esa zona las minas colocadas en el conflicto de 1995.<\/span><\/p>\n<p><span style=\"color: #000000;\">Ambos perros viajar\u00e1n acompa\u00f1ados por sus respectivos entrenadores. Ellos tambi\u00e9n recibieron entrenamiento en operaciones de desminado y otras realizadas por las Naciones Unidas.<\/span><\/p>\n<p><span style=\"color: #000000;\">El noveno Contingente de la Compa\u00f1\u00eda de Ingenier\u00eda Per\u00fa que cumplir\u00e1 la Misi\u00f3n Multidimensional Integrada de Estabilizaci\u00f3n de las Naciones Unidas en la Rep\u00fablica Centroafricana est\u00e1 conformado por 220 militares. De ellos, 28 son mujeres.<\/span><\/p>\n<p><a href=\"https:\/\/elinformanteperu.com\/wp-content\/uploads\/2024\/07\/cascos-azules-perros1.jpg\"><img fetchpriority=\"high\" decoding=\"async\" class=\"size-full wp-image-122978 aligncenter\" src=\"https:\/\/elinformanteperu.com\/wp-content\/uploads\/2024\/07\/cascos-azules-perros1.jpg\" alt=\"\" width=\"500\" height=\"333\" srcset=\"https:\/\/elinformanteperu.com\/wp-content\/uploads\/2024\/07\/cascos-azules-perros1.jpg 500w, https:\/\/elinformanteperu.com\/wp-content\/uploads\/2024\/07\/cascos-azules-perros1-300x200.jpg 300w\" sizes=\"(max-width: 500px) 100vw, 500px\" \/><\/a><\/p>\n","protected":false},"excerpt":{"rendered":"<p>Lima, 03 de Julio 2024, (ANDINA).- El Ministerio de Defensa dio cuenta del env\u00edo de dos perros que apoyar\u00e1n al contingente de cascos azules peruanos enviados a la misi\u00f3n de paz de la Organizaci\u00f3n de las Naciones Unidas en la Rep\u00fablica Centroafricana. Se trata de un par de canes, de raza pastor belga malinois, que [&hellip;]<\/p>\n","protected":false},"author":1,"featured_media":122977,"comment_status":"closed","ping_status":"closed","sticky":false,"template":"","format":"standard","meta":{"rop_custom_images_group":[],"rop_custom_messages_group":[],"rop_publish_now":"initial","rop_publish_now_accounts":[],"rop_publish_now_history":[],"rop_publish_now_status":"pending","footnotes":""},"categories":[5],"tags":[375],"class_list":["post-122976","post","type-post","status-publish","format-standard","has-post-thumbnail","hentry","category-actualidad-informativa","tag-ministerio-de-defensa"],"_links":{"self":[{"href":"https:\/\/elinformanteperu.com\/index.php\/wp-json\/wp\/v2\/posts\/122976","targetHints":{"allow":["GET"]}}],"collection":[{"href":"https:\/\/elinformanteperu.com\/index.php\/wp-json\/wp\/v2\/posts"}],"about":[{"href":"https:\/\/elinformanteperu.com\/index.php\/wp-json\/wp\/v2\/types\/post"}],"author":[{"embeddable":true,"href":"https:\/\/elinformanteperu.com\/index.php\/wp-json\/wp\/v2\/users\/1"}],"replies":[{"embeddable":true,"href":"https:\/\/elinformanteperu.com\/index.php\/wp-json\/wp\/v2\/comments?post=122976"}],"version-history":[{"count":1,"href":"https:\/\/elinformanteperu.com\/index.php\/wp-json\/wp\/v2\/posts\/122976\/revisions"}],"predecessor-version":[{"id":122979,"href":"https:\/\/elinformanteperu.com\/index.php\/wp-json\/wp\/v2\/posts\/122976\/revisions\/122979"}],"wp:featuredmedia":[{"embeddable":true,"href":"https:\/\/elinformanteperu.com\/index.php\/wp-json\/wp\/v2\/media\/122977"}],"wp:attachment":[{"href":"https:\/\/elinformanteperu.com\/index.php\/wp-json\/wp\/v2\/media?parent=122976"}],"wp:term":[{"taxonomy":"category","embeddable":true,"href":"https:\/\/elinformanteperu.com\/index.php\/wp-json\/wp\/v2\/categories?post=122976"},{"taxonomy":"post_tag","embeddable":true,"href":"https:\/\/elinformanteperu.com\/index.php\/wp-json\/wp\/v2\/tags?post=122976"}],"curies":[{"name":"wp","href":"https:\/\/api.w.org\/{rel}","templated":true}]}}