{"id":122972,"date":"2024-07-04T00:39:27","date_gmt":"2024-07-04T05:39:27","guid":{"rendered":"https:\/\/elinformanteperu.com\/?p=122972"},"modified":"2024-07-04T00:39:27","modified_gmt":"2024-07-04T05:39:27","slug":"corte-idh-requiere-dejar-sin-efecto-o-no-se-aplique-proyecto-sobre-lesa-humanidad","status":"publish","type":"post","link":"https:\/\/elinformanteperu.com\/index.php\/2024\/07\/04\/corte-idh-requiere-dejar-sin-efecto-o-no-se-aplique-proyecto-sobre-lesa-humanidad\/","title":{"rendered":"Corte IDH requiere dejar sin efecto o no se aplique proyecto sobre lesa humanidad"},"content":{"rendered":"<p><strong><span style=\"color: #000000;\">En los casos Barrios Altos y La Cantuta<\/span><\/strong><\/p>\n<p><span style=\"color: #000000;\"><strong>Lima, 03 de Julio 2024, (ANDINA).-<\/strong> La Corte Interamericana de Derechos Humanos (Corte IDH) requiri\u00f3 al Per\u00fa dejar sin efecto o no se otorgue vigencia al proyecto de ley que dispone la prescripci\u00f3n de los cr\u00edmenes de lesa humanidad perpetrados en el pa\u00eds, en los casos Barrios Altos y La Cantuta.<\/span><\/p>\n<p><span style=\"color: #000000;\">Tambi\u00e9n solicit\u00f3 al Estado peruano que presente, a m\u00e1s tardar el 9 de agosto de 2024, un informe completo y detallado sobre el cumplimiento de lo dispuesto.<\/span><\/p>\n<p><span style=\"color: #000000;\">Estas disposiciones se dan en el marco de las medidas provisionales ordenadas por la Corte IDH al Per\u00fa en los casos Barrios Altos y La Cantuta.<\/span><\/p>\n<p><span style=\"color: #000000;\">\u201cMediante Resoluci\u00f3n de 1 de julio de 2024, la Corte IDH requiri\u00f3 al Per\u00fa \u201cque a trav\u00e9s de sus tres Poderes tome las acciones necesarias para que no se adopten, se dejen sin efecto o no se otorgue vigencia al proyecto de ley No. 6951\/2023-CR que dispone la prescripci\u00f3n de los cr\u00edmenes de lesa humanidad perpetrados en el Per\u00fa, a los que se hace referencia en las Sentencias de los casos Barrios Altos y La Cantuta u otras iniciativas de ley similares, a fin de garantizar el derecho de acceso a la justicia de las v\u00edctimas de esos casos\u201d, dice parte del documento.<\/span><\/p>\n<p><span style=\"color: #000000;\">En la resoluci\u00f3n, la Corte se\u00f1ala que consider\u00f3 necesario actuar de forma preventiva en vista que las autoridades peruanas han incurrido en \u00abun desacato de las sentencias emitidas por esta Corte en los casos Barrios Altos y La Cantuta que provocar\u00eda un da\u00f1o irreparable en materia de superaci\u00f3n de la impunidad\u00bb.<\/span><\/p>\n<p><a href=\"https:\/\/elinformanteperu.com\/wp-content\/uploads\/2018\/10\/Comisi\u00f3n-Interamericana-de-Derechos-Humanos-CIDH.jpg\"><img fetchpriority=\"high\" decoding=\"async\" class=\"size-large wp-image-34566 aligncenter\" src=\"https:\/\/elinformanteperu.com\/wp-content\/uploads\/2018\/10\/Comisi\u00f3n-Interamericana-de-Derechos-Humanos-CIDH-1024x683.jpg\" alt=\"\" width=\"615\" height=\"410\" srcset=\"https:\/\/elinformanteperu.com\/wp-content\/uploads\/2018\/10\/Comisi\u00f3n-Interamericana-de-Derechos-Humanos-CIDH-1024x683.jpg 1024w, https:\/\/elinformanteperu.com\/wp-content\/uploads\/2018\/10\/Comisi\u00f3n-Interamericana-de-Derechos-Humanos-CIDH-300x200.jpg 300w, https:\/\/elinformanteperu.com\/wp-content\/uploads\/2018\/10\/Comisi\u00f3n-Interamericana-de-Derechos-Humanos-CIDH-768x512.jpg 768w, https:\/\/elinformanteperu.com\/wp-content\/uploads\/2018\/10\/Comisi\u00f3n-Interamericana-de-Derechos-Humanos-CIDH-128x85.jpg 128w, https:\/\/elinformanteperu.com\/wp-content\/uploads\/2018\/10\/Comisi\u00f3n-Interamericana-de-Derechos-Humanos-CIDH-32x21.jpg 32w, https:\/\/elinformanteperu.com\/wp-content\/uploads\/2018\/10\/Comisi\u00f3n-Interamericana-de-Derechos-Humanos-CIDH.jpg 1800w\" sizes=\"(max-width: 615px) 100vw, 615px\" \/><\/a><\/p>\n","protected":false},"excerpt":{"rendered":"<p>En los casos Barrios Altos y La Cantuta Lima, 03 de Julio 2024, (ANDINA).- La Corte Interamericana de Derechos Humanos (Corte IDH) requiri\u00f3 al Per\u00fa dejar sin efecto o no se otorgue vigencia al proyecto de ley que dispone la prescripci\u00f3n de los cr\u00edmenes de lesa humanidad perpetrados en el pa\u00eds, en los casos Barrios [&hellip;]<\/p>\n","protected":false},"author":1,"featured_media":28705,"comment_status":"closed","ping_status":"closed","sticky":false,"template":"","format":"standard","meta":{"rop_custom_images_group":[],"rop_custom_messages_group":[],"rop_publish_now":"initial","rop_publish_now_accounts":[],"rop_publish_now_history":[],"rop_publish_now_status":"pending","footnotes":""},"categories":[5],"tags":[],"class_list":["post-122972","post","type-post","status-publish","format-standard","has-post-thumbnail","hentry","category-actualidad-informativa"],"_links":{"self":[{"href":"https:\/\/elinformanteperu.com\/index.php\/wp-json\/wp\/v2\/posts\/122972","targetHints":{"allow":["GET"]}}],"collection":[{"href":"https:\/\/elinformanteperu.com\/index.php\/wp-json\/wp\/v2\/posts"}],"about":[{"href":"https:\/\/elinformanteperu.com\/index.php\/wp-json\/wp\/v2\/types\/post"}],"author":[{"embeddable":true,"href":"https:\/\/elinformanteperu.com\/index.php\/wp-json\/wp\/v2\/users\/1"}],"replies":[{"embeddable":true,"href":"https:\/\/elinformanteperu.com\/index.php\/wp-json\/wp\/v2\/comments?post=122972"}],"version-history":[{"count":1,"href":"https:\/\/elinformanteperu.com\/index.php\/wp-json\/wp\/v2\/posts\/122972\/revisions"}],"predecessor-version":[{"id":122973,"href":"https:\/\/elinformanteperu.com\/index.php\/wp-json\/wp\/v2\/posts\/122972\/revisions\/122973"}],"wp:featuredmedia":[{"embeddable":true,"href":"https:\/\/elinformanteperu.com\/index.php\/wp-json\/wp\/v2\/media\/28705"}],"wp:attachment":[{"href":"https:\/\/elinformanteperu.com\/index.php\/wp-json\/wp\/v2\/media?parent=122972"}],"wp:term":[{"taxonomy":"category","embeddable":true,"href":"https:\/\/elinformanteperu.com\/index.php\/wp-json\/wp\/v2\/categories?post=122972"},{"taxonomy":"post_tag","embeddable":true,"href":"https:\/\/elinformanteperu.com\/index.php\/wp-json\/wp\/v2\/tags?post=122972"}],"curies":[{"name":"wp","href":"https:\/\/api.w.org\/{rel}","templated":true}]}}