{"id":122735,"date":"2024-06-28T21:50:41","date_gmt":"2024-06-29T02:50:41","guid":{"rendered":"https:\/\/elinformanteperu.com\/?p=122735"},"modified":"2024-06-28T21:50:41","modified_gmt":"2024-06-29T02:50:41","slug":"conmebol-suspende-a-ricardo-gareca-y-no-podra-dirigir-a-chile","status":"publish","type":"post","link":"https:\/\/elinformanteperu.com\/index.php\/2024\/06\/28\/conmebol-suspende-a-ricardo-gareca-y-no-podra-dirigir-a-chile\/","title":{"rendered":"Conmebol suspende a Ricardo Gareca y no podr\u00e1 dirigir a Chile"},"content":{"rendered":"<p><strong><span style=\"color: #000000;\">El entrenador argentino no se present\u00f3 a la conferencia previo al partido ante Canad\u00e1 y ser\u00e1 castigado<\/span><\/strong><\/p>\n<p><span style=\"color: #000000;\"><strong>Miami, 28 de Junio 2024, (ANDINA).-<\/strong> Ricardo Gareca, t\u00e9cnico de la selecci\u00f3n chilena, no acudi\u00f3 este viernes a la conferencia de prensa oficial previa al partido ante Canad\u00e1, y fue sancionado por la CONMEBOL con un encuentro de suspensi\u00f3n y no podr\u00e1 dirigir en el partido de los chilenos ante la selecci\u00f3n canadiense<\/span><\/p>\n<p><span style=\"color: #000000;\">\u00abRicardo ven\u00eda en camino a la conferencia y nos llega el comunicado oficial de CONMEBOL de la suspensi\u00f3n por un partido. Se regres\u00f3 al hotel y tratamos de solucionarlo y por eso estamos aqu\u00ed\u00bb, se\u00f1al\u00f3 l segundo t\u00e9cnico chileno, Sergio Sant\u00edn.<\/span><\/p>\n<p><span style=\"color: #000000;\">LA CONMEBOL anunci\u00f3 posteriormente que ambos t\u00e9cnicos incumplieron los art\u00edculos 104 y 145 del reglamento y que el motivo es la reincidencia de su equipo al incorporarse tarde al terreno de juego tras el entretiempo. Ambas federaciones han sido multadas, adem\u00e1s, con 15.000 d\u00f3lares.<\/span><\/p>\n<p><span style=\"color: #000000;\">El art\u00edculo 145 del reglamento de la competici\u00f3n especifica que: \u00abSi los jugadores de un equipo compareciesen al terreno de juego m\u00e1s tarde de la hora prevista, para su inicio o reanudaci\u00f3n, o desacatando las indicaciones del \u00e1rbitro o el delegado del partido, la AMP responsable podr\u00e1 ser sancionada por los \u00f3rganos disciplinarios de la CONMEBOL con una advertencia en caso de una primera infracci\u00f3n y con una multa en caso de segunda o subsiguientes infracciones.<\/span><\/p>\n<p><span style=\"color: #000000;\">En el supuesto anterior se considerar\u00e1 en todo caso responsable al director t\u00e9cnico del equipo responsable en cuesti\u00f3n, que ser\u00e1 sancionado por los \u00f3rganos disciplinarios de la CONMEBOL de la siguiente manera:<\/span><\/p>\n<p><span style=\"color: #000000;\">Por una primera infracci\u00f3n: advertencia de suspensi\u00f3n por un partido<\/span><\/p>\n<p><span style=\"color: #000000;\">Por segunda o subsiguiente infracci\u00f3n: suspensi\u00f3n por un partido\u00bb.<\/span><\/p>\n<p><strong><span style=\"color: #000000;\">No puede estar en el campo<\/span><\/strong><\/p>\n<p><span style=\"color: #000000;\">Sergio Sant\u00edn explic\u00f3 que Gareca \u00abno puede estar en el partido, al llegar tiene que ir al palco. No puede estar en el campo. Esa es la informaci\u00f3n que tenemos\u00bb, indic\u00f3 el ayudante t\u00e9cnico en la conferencia de prensa.<\/span><\/p>\n<p><span style=\"color: #000000;\">Lionel Scaloni tampoco podr\u00e1 sentarse en el banquillo en el estadio Hard Rock de Miami, en el partido de ma\u00f1ana ante Per\u00fa, de la tercera jornada del Grupo A.<\/span><\/p>\n<p><span style=\"color: #000000;\">Ya en el partido inaugural, el t\u00e9cnico de la selecci\u00f3n canadiense, Jesse Marsch, denunci\u00f3 que los jugadores argentinos tardaron 20 minutos en salir al terreno de juego. \u00abEstaban viendo el v\u00eddeo para corregir\u00bb, afirm\u00f3.<\/span><\/p>\n","protected":false},"excerpt":{"rendered":"<p>El entrenador argentino no se present\u00f3 a la conferencia previo al partido ante Canad\u00e1 y ser\u00e1 castigado Miami, 28 de Junio 2024, (ANDINA).- Ricardo Gareca, t\u00e9cnico de la selecci\u00f3n chilena, no acudi\u00f3 este viernes a la conferencia de prensa oficial previa al partido ante Canad\u00e1, y fue sancionado por la CONMEBOL con un encuentro de [&hellip;]<\/p>\n","protected":false},"author":1,"featured_media":122736,"comment_status":"closed","ping_status":"closed","sticky":false,"template":"","format":"standard","meta":{"rop_custom_images_group":[],"rop_custom_messages_group":[],"rop_publish_now":"initial","rop_publish_now_accounts":[],"rop_publish_now_history":[],"rop_publish_now_status":"pending","footnotes":""},"categories":[8],"tags":[173,7381,92],"class_list":["post-122735","post","type-post","status-publish","format-standard","has-post-thumbnail","hentry","category-disciplinas-deportivas","tag-chile","tag-copa-america-2024","tag-ricardo-gareca"],"_links":{"self":[{"href":"https:\/\/elinformanteperu.com\/index.php\/wp-json\/wp\/v2\/posts\/122735","targetHints":{"allow":["GET"]}}],"collection":[{"href":"https:\/\/elinformanteperu.com\/index.php\/wp-json\/wp\/v2\/posts"}],"about":[{"href":"https:\/\/elinformanteperu.com\/index.php\/wp-json\/wp\/v2\/types\/post"}],"author":[{"embeddable":true,"href":"https:\/\/elinformanteperu.com\/index.php\/wp-json\/wp\/v2\/users\/1"}],"replies":[{"embeddable":true,"href":"https:\/\/elinformanteperu.com\/index.php\/wp-json\/wp\/v2\/comments?post=122735"}],"version-history":[{"count":1,"href":"https:\/\/elinformanteperu.com\/index.php\/wp-json\/wp\/v2\/posts\/122735\/revisions"}],"predecessor-version":[{"id":122737,"href":"https:\/\/elinformanteperu.com\/index.php\/wp-json\/wp\/v2\/posts\/122735\/revisions\/122737"}],"wp:featuredmedia":[{"embeddable":true,"href":"https:\/\/elinformanteperu.com\/index.php\/wp-json\/wp\/v2\/media\/122736"}],"wp:attachment":[{"href":"https:\/\/elinformanteperu.com\/index.php\/wp-json\/wp\/v2\/media?parent=122735"}],"wp:term":[{"taxonomy":"category","embeddable":true,"href":"https:\/\/elinformanteperu.com\/index.php\/wp-json\/wp\/v2\/categories?post=122735"},{"taxonomy":"post_tag","embeddable":true,"href":"https:\/\/elinformanteperu.com\/index.php\/wp-json\/wp\/v2\/tags?post=122735"}],"curies":[{"name":"wp","href":"https:\/\/api.w.org\/{rel}","templated":true}]}}