{"id":122700,"date":"2024-06-28T19:54:03","date_gmt":"2024-06-29T00:54:03","guid":{"rendered":"https:\/\/elinformanteperu.com\/?p=122700"},"modified":"2024-06-28T19:54:03","modified_gmt":"2024-06-29T00:54:03","slug":"k-pop-grupo-peruano-blingone-debuta-en-corea-con-tema-original-kiss-and-call","status":"publish","type":"post","link":"https:\/\/elinformanteperu.com\/index.php\/2024\/06\/28\/k-pop-grupo-peruano-blingone-debuta-en-corea-con-tema-original-kiss-and-call\/","title":{"rendered":"K-pop: grupo peruano \u2018Blingone\u2019 debuta en Corea con tema original Kiss and Call"},"content":{"rendered":"<p><strong><span style=\"color: #000000;\">Agrupaci\u00f3n est\u00e1 integrada por tres j\u00f3venes peruanas y se form\u00f3 en Se\u00fal por<\/span><\/strong><\/p>\n<p><span style=\"color: #000000;\"><strong>Lima, 28 de Junio 2024, (ANDINA).-<\/strong> El grupo peruano de k-pop \u2018Blingone\u2019 tuvo su debut oficial en Se\u00fal, la capital de Corea, en una ceremonia en la que particip\u00f3 la prensa especializada en tendencias y m\u00fasica y donde se present\u00f3 tambi\u00e9n el primer tema original de la agrupaci\u00f3n: \u2018Kiss and Call\u2019.<\/span><\/p>\n<p><span style=\"color: #000000;\">El jueves \u00abfue grato participar en la ceremonia de presentaci\u00f3n oficial del grupo peruano, conformado por tres j\u00f3venes nacionales, denominado Blingone\u201d, public\u00f3 la Embajada del Per\u00fa en Corea, en su cuenta oficial en Facebook.<\/span><\/p>\n<p><a href=\"https:\/\/elinformanteperu.com\/wp-content\/uploads\/2024\/06\/Blingone-grupo-peruano-k-pop1.jpg\"><img fetchpriority=\"high\" decoding=\"async\" class=\"size-large wp-image-122702 aligncenter\" src=\"https:\/\/elinformanteperu.com\/wp-content\/uploads\/2024\/06\/Blingone-grupo-peruano-k-pop1-1024x683.jpg\" alt=\"\" width=\"615\" height=\"410\" srcset=\"https:\/\/elinformanteperu.com\/wp-content\/uploads\/2024\/06\/Blingone-grupo-peruano-k-pop1-1024x683.jpg 1024w, https:\/\/elinformanteperu.com\/wp-content\/uploads\/2024\/06\/Blingone-grupo-peruano-k-pop1-300x200.jpg 300w, https:\/\/elinformanteperu.com\/wp-content\/uploads\/2024\/06\/Blingone-grupo-peruano-k-pop1-768x512.jpg 768w, https:\/\/elinformanteperu.com\/wp-content\/uploads\/2024\/06\/Blingone-grupo-peruano-k-pop1-1536x1024.jpg 1536w, https:\/\/elinformanteperu.com\/wp-content\/uploads\/2024\/06\/Blingone-grupo-peruano-k-pop1.jpg 1800w\" sizes=\"(max-width: 615px) 100vw, 615px\" \/><\/a><span style=\"color: #000000;\">\u2018Blingone\u2019 est\u00e1 integrado por tres j\u00f3venes peruanas y fue formado por el World K-pop Center, \u201cbajo el proceso de formaci\u00f3n del estilo k-pop de alrededor de seis meses en Se\u00fal\u201d, detall\u00f3 la delegaci\u00f3n diplom\u00e1tica.<\/span><\/p>\n<p><span style=\"color: #000000;\">Ante la prensa especializada y los influencers convocados para este lanzamiento, el grupo nacional present\u00f3 la canci\u00f3n original \u2018Kiss and Call\u2019, tanto en ingl\u00e9s como en espa\u00f1ol, se inform\u00f3 en redes sociales.<\/span><\/p>\n<p><strong><span style=\"color: #000000;\">En julio en el Per\u00fa<\/span><\/strong><\/p>\n<p><a href=\"https:\/\/elinformanteperu.com\/wp-content\/uploads\/2024\/06\/Blingone-grupo-peruano-k-pop2.jpg\"><img decoding=\"async\" class=\"size-large wp-image-122703 aligncenter\" src=\"https:\/\/elinformanteperu.com\/wp-content\/uploads\/2024\/06\/Blingone-grupo-peruano-k-pop2-1024x683.jpg\" alt=\"\" width=\"615\" height=\"410\" srcset=\"https:\/\/elinformanteperu.com\/wp-content\/uploads\/2024\/06\/Blingone-grupo-peruano-k-pop2-1024x683.jpg 1024w, https:\/\/elinformanteperu.com\/wp-content\/uploads\/2024\/06\/Blingone-grupo-peruano-k-pop2-300x200.jpg 300w, https:\/\/elinformanteperu.com\/wp-content\/uploads\/2024\/06\/Blingone-grupo-peruano-k-pop2-768x512.jpg 768w, https:\/\/elinformanteperu.com\/wp-content\/uploads\/2024\/06\/Blingone-grupo-peruano-k-pop2-1536x1024.jpg 1536w, https:\/\/elinformanteperu.com\/wp-content\/uploads\/2024\/06\/Blingone-grupo-peruano-k-pop2.jpg 1800w\" sizes=\"(max-width: 615px) 100vw, 615px\" \/><\/a><span style=\"color: #000000;\">Respecto a pr\u00f3ximas actividades, la embajada adelant\u00f3 que \u2018Blingone\u2019 volver\u00e1 al Per\u00fa \u201calrededor de la quincena del mes de julio para empezar a presentarse en diversos tipos de eventos musicales, incluyendo festivales de k-pop\u201d.<\/span><\/p>\n<p><span style=\"color: #000000;\">El Per\u00fa es uno de los pa\u00edses de Am\u00e9rica Latina donde el k-pop tiene miles de seguidores, muchos de los cuales han formado grupos aficionados para practicar canto y coreograf\u00edas en parques, plazas y espacios p\u00fablicos.<\/span><\/p>\n<p><iframe title=\"YouTube video player\" src=\"https:\/\/www.youtube-nocookie.com\/embed\/FIylMeEltvo?si=ivzxyJGEiJoWRq8n&amp;controls=0\" width=\"520\" height=\"315\" frameborder=\"0\" allowfullscreen=\"allowfullscreen\"><span data-mce-type=\"bookmark\" style=\"display: inline-block; width: 0px; overflow: hidden; line-height: 0;\" class=\"mce_SELRES_start\">\ufeff<\/span><\/iframe><\/p>\n","protected":false},"excerpt":{"rendered":"<p>Agrupaci\u00f3n est\u00e1 integrada por tres j\u00f3venes peruanas y se form\u00f3 en Se\u00fal por Lima, 28 de Junio 2024, (ANDINA).- El grupo peruano de k-pop \u2018Blingone\u2019 tuvo su debut oficial en Se\u00fal, la capital de Corea, en una ceremonia en la que particip\u00f3 la prensa especializada en tendencias y m\u00fasica y donde se present\u00f3 tambi\u00e9n el [&hellip;]<\/p>\n","protected":false},"author":1,"featured_media":122701,"comment_status":"closed","ping_status":"closed","sticky":false,"template":"","format":"standard","meta":{"rop_custom_images_group":[],"rop_custom_messages_group":[],"rop_publish_now":"initial","rop_publish_now_accounts":[],"rop_publish_now_history":[],"rop_publish_now_status":"pending","footnotes":""},"categories":[5745,69],"tags":[7549,4926],"class_list":["post-122700","post","type-post","status-publish","format-standard","has-post-thumbnail","hentry","category-lo-ultimo","category-musica","tag-blingone","tag-k-pop"],"_links":{"self":[{"href":"https:\/\/elinformanteperu.com\/index.php\/wp-json\/wp\/v2\/posts\/122700","targetHints":{"allow":["GET"]}}],"collection":[{"href":"https:\/\/elinformanteperu.com\/index.php\/wp-json\/wp\/v2\/posts"}],"about":[{"href":"https:\/\/elinformanteperu.com\/index.php\/wp-json\/wp\/v2\/types\/post"}],"author":[{"embeddable":true,"href":"https:\/\/elinformanteperu.com\/index.php\/wp-json\/wp\/v2\/users\/1"}],"replies":[{"embeddable":true,"href":"https:\/\/elinformanteperu.com\/index.php\/wp-json\/wp\/v2\/comments?post=122700"}],"version-history":[{"count":1,"href":"https:\/\/elinformanteperu.com\/index.php\/wp-json\/wp\/v2\/posts\/122700\/revisions"}],"predecessor-version":[{"id":122704,"href":"https:\/\/elinformanteperu.com\/index.php\/wp-json\/wp\/v2\/posts\/122700\/revisions\/122704"}],"wp:featuredmedia":[{"embeddable":true,"href":"https:\/\/elinformanteperu.com\/index.php\/wp-json\/wp\/v2\/media\/122701"}],"wp:attachment":[{"href":"https:\/\/elinformanteperu.com\/index.php\/wp-json\/wp\/v2\/media?parent=122700"}],"wp:term":[{"taxonomy":"category","embeddable":true,"href":"https:\/\/elinformanteperu.com\/index.php\/wp-json\/wp\/v2\/categories?post=122700"},{"taxonomy":"post_tag","embeddable":true,"href":"https:\/\/elinformanteperu.com\/index.php\/wp-json\/wp\/v2\/tags?post=122700"}],"curies":[{"name":"wp","href":"https:\/\/api.w.org\/{rel}","templated":true}]}}