{"id":12262,"date":"2017-06-26T22:09:25","date_gmt":"2017-06-27T03:09:25","guid":{"rendered":"http:\/\/elinformanteperu.com\/?p=12262"},"modified":"2017-06-26T22:09:25","modified_gmt":"2017-06-27T03:09:25","slug":"coloreando-esperanza-entrega-ayuda-en-infraestructura-a-ninos-de-pamplona-alta","status":"publish","type":"post","link":"https:\/\/elinformanteperu.com\/index.php\/2017\/06\/26\/coloreando-esperanza-entrega-ayuda-en-infraestructura-a-ninos-de-pamplona-alta\/","title":{"rendered":"Coloreando Esperanza entrega ayuda en infraestructura a ni\u00f1os de Pamplona Alta"},"content":{"rendered":"<p><span style=\"color: #000000;\">El colectivo Coloreando Esperanza, conformado por j\u00f3venes universitarios de la Escuela de Ciencias de la Comunicaci\u00f3n de la universidad Alas Peruanas, celebr\u00f3 el cierre de su campa\u00f1a solidaria que busca ayudar a los ni\u00f1os del Asentamiento Humano San Pedro de Pamplona Alta en el distrito de San Juan de Miraflores, el pasado domingo 25 de junio.<\/span><\/p>\n<p><span style=\"color: #000000;\">El motivo del evento fue la culminaci\u00f3n de la construcci\u00f3n del ba\u00f1o p\u00fablico y la instalaci\u00f3n de un toldo en una de las \u00e1reas m\u00e1s concurridas por los ni\u00f1os del lugar, quienes pasaron un buen momento junto a sus padres en el show infantil organizado como parte de la celebraci\u00f3n.<\/span><\/p>\n<p><span style=\"color: #000000;\">Las madres de familia de la comunidad agradecieron el apoyo brindado, pues son personas de bajos recursos econ\u00f3micos que ni siquiera cuentan con servicio de agua potable y alcantarillado.<\/span><\/p>\n<p><span style=\"color: #000000;\">La directora de la campa\u00f1a Coloreando Esperanza, Lucero De la Rosa, agradeci\u00f3 el apoyo brindado por las personas naturales y empresas privadas que se sumaron a esta causa noble y permitieron lograr los objetivos establecidos por el colectivo estudiantil.<\/span><\/p>\n<p><span style=\"color: #000000;\">\u201cEste proyecto ha logrado concretarse gracias a la ayuda de muchas personas y empresas de buen coraz\u00f3n que no dudaron en brindarnos su apoyo cuando les tocamos las puertas. Es una experiencia inolvidable el brindar ayuda a quienes m\u00e1s nos necesitan\u201d, se\u00f1al\u00f3.<\/span><\/p>\n<p><img fetchpriority=\"high\" decoding=\"async\" class=\"aligncenter size-full wp-image-12264\" src=\"http:\/\/elinformanteperu.com\/wp-content\/uploads\/2017\/06\/coloreando-esperanza1.jpg\" alt=\"\" width=\"957\" height=\"638\" srcset=\"https:\/\/elinformanteperu.com\/wp-content\/uploads\/2017\/06\/coloreando-esperanza1.jpg 957w, https:\/\/elinformanteperu.com\/wp-content\/uploads\/2017\/06\/coloreando-esperanza1-300x200.jpg 300w, https:\/\/elinformanteperu.com\/wp-content\/uploads\/2017\/06\/coloreando-esperanza1-768x512.jpg 768w, https:\/\/elinformanteperu.com\/wp-content\/uploads\/2017\/06\/coloreando-esperanza1-128x85.jpg 128w, https:\/\/elinformanteperu.com\/wp-content\/uploads\/2017\/06\/coloreando-esperanza1-32x21.jpg 32w\" sizes=\"(max-width: 957px) 100vw, 957px\" \/><\/p>\n","protected":false},"excerpt":{"rendered":"<p>El colectivo Coloreando Esperanza, conformado por j\u00f3venes universitarios de la Escuela de Ciencias de la Comunicaci\u00f3n de la universidad Alas Peruanas, celebr\u00f3 el cierre de su campa\u00f1a solidaria que busca ayudar a los ni\u00f1os del Asentamiento Humano San Pedro de Pamplona Alta en el distrito de San Juan de Miraflores, el pasado domingo 25 de [&hellip;]<\/p>\n","protected":false},"author":1,"featured_media":12263,"comment_status":"open","ping_status":"open","sticky":false,"template":"","format":"standard","meta":{"rop_custom_images_group":[],"rop_custom_messages_group":[],"rop_publish_now":"initial","rop_publish_now_accounts":[],"rop_publish_now_history":[],"rop_publish_now_status":"pending","footnotes":""},"categories":[10],"tags":[1548],"class_list":["post-12262","post","type-post","status-publish","format-standard","has-post-thumbnail","hentry","category-actualidad-municipal","tag-coloreando-esperanza"],"_links":{"self":[{"href":"https:\/\/elinformanteperu.com\/index.php\/wp-json\/wp\/v2\/posts\/12262","targetHints":{"allow":["GET"]}}],"collection":[{"href":"https:\/\/elinformanteperu.com\/index.php\/wp-json\/wp\/v2\/posts"}],"about":[{"href":"https:\/\/elinformanteperu.com\/index.php\/wp-json\/wp\/v2\/types\/post"}],"author":[{"embeddable":true,"href":"https:\/\/elinformanteperu.com\/index.php\/wp-json\/wp\/v2\/users\/1"}],"replies":[{"embeddable":true,"href":"https:\/\/elinformanteperu.com\/index.php\/wp-json\/wp\/v2\/comments?post=12262"}],"version-history":[{"count":1,"href":"https:\/\/elinformanteperu.com\/index.php\/wp-json\/wp\/v2\/posts\/12262\/revisions"}],"predecessor-version":[{"id":12265,"href":"https:\/\/elinformanteperu.com\/index.php\/wp-json\/wp\/v2\/posts\/12262\/revisions\/12265"}],"wp:featuredmedia":[{"embeddable":true,"href":"https:\/\/elinformanteperu.com\/index.php\/wp-json\/wp\/v2\/media\/12263"}],"wp:attachment":[{"href":"https:\/\/elinformanteperu.com\/index.php\/wp-json\/wp\/v2\/media?parent=12262"}],"wp:term":[{"taxonomy":"category","embeddable":true,"href":"https:\/\/elinformanteperu.com\/index.php\/wp-json\/wp\/v2\/categories?post=12262"},{"taxonomy":"post_tag","embeddable":true,"href":"https:\/\/elinformanteperu.com\/index.php\/wp-json\/wp\/v2\/tags?post=12262"}],"curies":[{"name":"wp","href":"https:\/\/api.w.org\/{rel}","templated":true}]}}