{"id":122576,"date":"2024-06-26T20:00:28","date_gmt":"2024-06-27T01:00:28","guid":{"rendered":"https:\/\/elinformanteperu.com\/?p=122576"},"modified":"2024-06-26T20:18:25","modified_gmt":"2024-06-27T01:18:25","slug":"deyvis-orosco-lanza-sencillo-tu-nombre-y-el-mio-y-estrenara-proxima-telenovela","status":"publish","type":"post","link":"https:\/\/elinformanteperu.com\/index.php\/2024\/06\/26\/deyvis-orosco-lanza-sencillo-tu-nombre-y-el-mio-y-estrenara-proxima-telenovela\/","title":{"rendered":"Deyvis Orosco lanza sencillo \u00abTu nombre y el m\u00edo\u00bb y estrenar\u00e1 pr\u00f3xima telenovela"},"content":{"rendered":"<p><span style=\"color: #000000;\"><strong>Lima, 26 de Junio 2024, (ANDINA).-<\/strong> Deyvis Orosco present\u00f3 su nuevo tema \u00abTu nombre y el m\u00edo\u00bb, que ser\u00e1 el tema principal de la telenovela del mismo nombre que girar\u00e1 en torno a su vida.<\/span><\/p>\n<p><span style=\"color: #000000;\">En las im\u00e1genes promocionales se puede ver al talentoso Deyvis Orosco junto al actor Mario Cortijo, quien tendr\u00e1 el papel protag\u00f3nico interpretando al cantante.<\/span><\/p>\n<p><span style=\"color: #000000;\">El video lyric de \u201cTu nombre y el m\u00edo\u201d ya est\u00e1 disponible en el canal de YouTube de Deyvis Orosco, y la canci\u00f3n puede escucharse en diversas plataformas musicales y en las principales radios del pa\u00eds.<\/span><\/p>\n<p><span style=\"color: #000000;\">\u00abEntusiasmado a que venga el proyecto y empecemos a hacerlo. Para m\u00ed es un gran honor y una gran responsabilidad poder contar nuestra historia desde la cultura, desde la m\u00fasica, desde nuestra identidad\u00bb, expres\u00f3 Deyvis.<\/span><\/p>\n<p><span style=\"color: #000000;\">El teaser de esta telenovela fue grabada el pasado mes de noviembre.<\/span><\/p>\n<p><iframe title=\"YouTube video player\" src=\"https:\/\/www.youtube-nocookie.com\/embed\/9PD0ZTv-Z4w?si=1FJnXPI4RaV9JGwE&amp;controls=0\" width=\"520\" height=\"315\" frameborder=\"0\" allowfullscreen=\"allowfullscreen\"><span data-mce-type=\"bookmark\" style=\"display: inline-block; width: 0px; overflow: hidden; line-height: 0;\" class=\"mce_SELRES_start\">\ufeff<\/span><\/iframe><\/p>\n","protected":false},"excerpt":{"rendered":"<p>Lima, 26 de Junio 2024, (ANDINA).- Deyvis Orosco present\u00f3 su nuevo tema \u00abTu nombre y el m\u00edo\u00bb, que ser\u00e1 el tema principal de la telenovela del mismo nombre que girar\u00e1 en torno a su vida. En las im\u00e1genes promocionales se puede ver al talentoso Deyvis Orosco junto al actor Mario Cortijo, quien tendr\u00e1 el papel [&hellip;]<\/p>\n","protected":false},"author":1,"featured_media":122577,"comment_status":"closed","ping_status":"closed","sticky":false,"template":"","format":"standard","meta":{"rop_custom_images_group":[],"rop_custom_messages_group":[],"rop_publish_now":"initial","rop_publish_now_accounts":[],"rop_publish_now_history":[],"rop_publish_now_status":"pending","footnotes":""},"categories":[5745,69],"tags":[4118],"class_list":["post-122576","post","type-post","status-publish","format-standard","has-post-thumbnail","hentry","category-lo-ultimo","category-musica","tag-deyvis-orosco"],"_links":{"self":[{"href":"https:\/\/elinformanteperu.com\/index.php\/wp-json\/wp\/v2\/posts\/122576","targetHints":{"allow":["GET"]}}],"collection":[{"href":"https:\/\/elinformanteperu.com\/index.php\/wp-json\/wp\/v2\/posts"}],"about":[{"href":"https:\/\/elinformanteperu.com\/index.php\/wp-json\/wp\/v2\/types\/post"}],"author":[{"embeddable":true,"href":"https:\/\/elinformanteperu.com\/index.php\/wp-json\/wp\/v2\/users\/1"}],"replies":[{"embeddable":true,"href":"https:\/\/elinformanteperu.com\/index.php\/wp-json\/wp\/v2\/comments?post=122576"}],"version-history":[{"count":1,"href":"https:\/\/elinformanteperu.com\/index.php\/wp-json\/wp\/v2\/posts\/122576\/revisions"}],"predecessor-version":[{"id":122578,"href":"https:\/\/elinformanteperu.com\/index.php\/wp-json\/wp\/v2\/posts\/122576\/revisions\/122578"}],"wp:featuredmedia":[{"embeddable":true,"href":"https:\/\/elinformanteperu.com\/index.php\/wp-json\/wp\/v2\/media\/122577"}],"wp:attachment":[{"href":"https:\/\/elinformanteperu.com\/index.php\/wp-json\/wp\/v2\/media?parent=122576"}],"wp:term":[{"taxonomy":"category","embeddable":true,"href":"https:\/\/elinformanteperu.com\/index.php\/wp-json\/wp\/v2\/categories?post=122576"},{"taxonomy":"post_tag","embeddable":true,"href":"https:\/\/elinformanteperu.com\/index.php\/wp-json\/wp\/v2\/tags?post=122576"}],"curies":[{"name":"wp","href":"https:\/\/api.w.org\/{rel}","templated":true}]}}