{"id":12255,"date":"2017-06-25T23:56:45","date_gmt":"2017-06-26T04:56:45","guid":{"rendered":"http:\/\/elinformanteperu.com\/?p=12255"},"modified":"2017-06-26T00:56:01","modified_gmt":"2017-06-26T05:56:01","slug":"afirman-que-congresista-de-fp-impulso-proyecto-que-favorece-a-su-empresa","status":"publish","type":"post","link":"https:\/\/elinformanteperu.com\/index.php\/2017\/06\/25\/afirman-que-congresista-de-fp-impulso-proyecto-que-favorece-a-su-empresa\/","title":{"rendered":"Afirman que congresista fujimorista impuls\u00f3 proyecto que favorece a su empresa"},"content":{"rendered":"<p><strong><span style=\"color: #000000;\">El congresista fujimorista de Fuerza Popular (FP) Elard Melgar ha sido acusado de conflicto de intereses al impulsar la aprobaci\u00f3n de un proyecto de ley que beneficia directamente a su empresa.<\/span><\/strong><\/p>\n<p><span style=\"color: #000000;\"><strong>Lima, 25 Junio 2017, (ANDINA).-<\/strong> El congresista fujimorista de Fuerza Popular (FP) Elard Melgar ha sido acusado de conflicto de intereses al impulsar la aprobaci\u00f3n de un proyecto de ley que beneficia directamente a su empresa particular, algo prohibido por el Reglamento del Parlamento por ser una evidente falta \u00e9tica.<\/span><\/p>\n<p><span style=\"color: #000000;\">Seg\u00fan un reportaje de Panoama, Melgar particip\u00f3 en el debate para la aprobaci\u00f3n de la ley que elimina el uso de la leche en polvo en los productos l\u00e1cteos.<\/span><\/p>\n<p><span style=\"color: #000000;\">Cabe indicar que Melgar es due\u00f1o la agropecuaria San Ram\u00f3n, que abastece de leche a la empresa Gloria.<\/span><\/p>\n<p><span style=\"color: #000000;\">El reportaje indica que Melgar apoy\u00f3 la ley en la Comisi\u00f3n Agraria y en el Pleno del Congreso y no advirti\u00f3 que ten\u00eda intereses econ\u00f3micos involucrados.<\/span><\/p>\n<p><span style=\"color: #000000;\">Consultado por los periodistas, Melgar admiti\u00f3 que la ley ten\u00eda v\u00ednculos con su empresa, pero asegur\u00f3 que particip\u00f3 en el debate por su \u201cresponsabilidad como legislador\u201d.<\/span><\/p>\n<p><span style=\"color: #000000;\">Neg\u00f3 tener la intenci\u00f3n de beneficiarse econ\u00f3micamente con esta ley.<\/span><\/p>\n<p><iframe src=\"https:\/\/www.youtube-nocookie.com\/embed\/YfqAbaJewHg?rel=0&amp;controls=0&amp;showinfo=0\" width=\"560\" height=\"315\" frameborder=\"0\" allowfullscreen=\"allowfullscreen\"><\/iframe><\/p>\n","protected":false},"excerpt":{"rendered":"<p>El congresista fujimorista de Fuerza Popular (FP) Elard Melgar ha sido acusado de conflicto de intereses al impulsar la aprobaci\u00f3n de un proyecto de ley que beneficia directamente a su empresa. Lima, 25 Junio 2017, (ANDINA).- El congresista fujimorista de Fuerza Popular (FP) Elard Melgar ha sido acusado de conflicto de intereses al impulsar la [&hellip;]<\/p>\n","protected":false},"author":1,"featured_media":12256,"comment_status":"open","ping_status":"open","sticky":false,"template":"","format":"standard","meta":{"rop_custom_images_group":[],"rop_custom_messages_group":[],"rop_publish_now":"initial","rop_publish_now_accounts":[],"rop_publish_now_history":[],"rop_publish_now_status":"pending","footnotes":""},"categories":[5],"tags":[1818,295],"class_list":["post-12255","post","type-post","status-publish","format-standard","has-post-thumbnail","hentry","category-actualidad-informativa","tag-elard-melgar","tag-fuerza-popular"],"_links":{"self":[{"href":"https:\/\/elinformanteperu.com\/index.php\/wp-json\/wp\/v2\/posts\/12255","targetHints":{"allow":["GET"]}}],"collection":[{"href":"https:\/\/elinformanteperu.com\/index.php\/wp-json\/wp\/v2\/posts"}],"about":[{"href":"https:\/\/elinformanteperu.com\/index.php\/wp-json\/wp\/v2\/types\/post"}],"author":[{"embeddable":true,"href":"https:\/\/elinformanteperu.com\/index.php\/wp-json\/wp\/v2\/users\/1"}],"replies":[{"embeddable":true,"href":"https:\/\/elinformanteperu.com\/index.php\/wp-json\/wp\/v2\/comments?post=12255"}],"version-history":[{"count":2,"href":"https:\/\/elinformanteperu.com\/index.php\/wp-json\/wp\/v2\/posts\/12255\/revisions"}],"predecessor-version":[{"id":12261,"href":"https:\/\/elinformanteperu.com\/index.php\/wp-json\/wp\/v2\/posts\/12255\/revisions\/12261"}],"wp:featuredmedia":[{"embeddable":true,"href":"https:\/\/elinformanteperu.com\/index.php\/wp-json\/wp\/v2\/media\/12256"}],"wp:attachment":[{"href":"https:\/\/elinformanteperu.com\/index.php\/wp-json\/wp\/v2\/media?parent=12255"}],"wp:term":[{"taxonomy":"category","embeddable":true,"href":"https:\/\/elinformanteperu.com\/index.php\/wp-json\/wp\/v2\/categories?post=12255"},{"taxonomy":"post_tag","embeddable":true,"href":"https:\/\/elinformanteperu.com\/index.php\/wp-json\/wp\/v2\/tags?post=12255"}],"curies":[{"name":"wp","href":"https:\/\/api.w.org\/{rel}","templated":true}]}}