{"id":12252,"date":"2017-06-25T23:52:46","date_gmt":"2017-06-26T04:52:46","guid":{"rendered":"http:\/\/elinformanteperu.com\/?p=12252"},"modified":"2017-06-25T23:52:46","modified_gmt":"2017-06-26T04:52:46","slug":"gobierno-espera-un-mejor-entendimiento-con-el-congreso-en-proximos-meses","status":"publish","type":"post","link":"https:\/\/elinformanteperu.com\/index.php\/2017\/06\/25\/gobierno-espera-un-mejor-entendimiento-con-el-congreso-en-proximos-meses\/","title":{"rendered":"Gobierno espera un mejor entendimiento con el Congreso en pr\u00f3ximos meses"},"content":{"rendered":"<p><strong><span style=\"color: #000000;\">El Poder Ejecutivo espera un mejor entendimiento con el Congreso en los pr\u00f3ximos meses, asegur\u00f3 el jefe del Gabinete de Ministros, Fernando Zavala.<\/span><\/strong><\/p>\n<p><span style=\"color: #000000;\"><strong>Lima, 25 Junio 2017, (ANDINA).-<\/strong> El Poder Ejecutivo espera un mejor entendimiento con el Congreso en los pr\u00f3ximos meses, asegur\u00f3 el jefe del Gabinete de Ministros, Fernando Zavala, quien se mostr\u00f3 optimista de encontrar coincidencias entre ambos sectores en e segundo a\u00f1o de gobierno.<\/span><\/p>\n<p><span style=\"color: #000000;\">Seg\u00fan dijo, el primer a\u00f1o ha sido un \u201cproceso de aprendizaje\u201d que permiti\u00f3 aprender a ambas partes de los errores cometidos.<\/span><\/p>\n<p><span style=\"color: #000000;\">No obstante, consider\u00f3 que ahora habr\u00e1 una nueva agenda de temas que mostrar\u00e1 \u201calta coincidencia\u201d entre el Ejecutivo y el Congreso.<\/span><\/p>\n<p><span style=\"color: #000000;\">\u201cEsperamos que haya un mayor entendimiento que es necesario (\u2026) Ya tengo las prioridades y estoy seguro que ellos tambi\u00e9n y habr\u00e1 un segundo a\u00f1o en que las coincidencias saldr\u00e1n\u201d, manifest\u00f3 en declaraciones a Panorama.<\/span><\/p>\n<p><span style=\"color: #000000;\">El tambi\u00e9n ministro de Econom\u00eda subray\u00f3 que hay la intenci\u00f3n de conversar, pues el gobierno siempre est\u00e1 abierto al di\u00e1logo.<\/span><\/p>\n<p><span style=\"color: #000000;\">\u201cConfiamos en que en los pr\u00f3ximos meses tendremos ese camino\u201d, indic\u00f3.<\/span><\/p>\n<p><span style=\"color: #000000;\">En cuanto a la relaci\u00f3n del Ejecutivo con la bancada oficialista de Peruanos por el Kambio (PPK), destac\u00f3 que esta ha mejorado mucho, luego de pasar por un periodo complicado, y expres\u00f3 su confianza en que igual ocurrir\u00e1 con las bancadas de la oposici\u00f3n.<\/span><\/p>\n<p><span style=\"color: #000000;\">\u201cHa habido un cambio y ese mismo cambio espero tenerlo con el Congreso\u201d, manifest\u00f3.<\/span><\/p>\n<p><span style=\"color: #000000;\">Respecto al tema del indulto al expresidente Alberto Fujimori, coment\u00f3 que ese tema no ser\u00e1 mezclado con los asuntos pol\u00edticos, y reiter\u00f3 que en la actualidad no es un tema de la agenda pol\u00edtica<\/span><\/p>\n<p><span style=\"color: #000000;\">\u201cEs un tema muy sensible, por eso tratamos de no tocarlo, hay que separar las cosas, la lideresa de Fuerza Popular, Keiko Fujimori, ha sido clara en que no debe mezclarse con temas pol\u00edticos\u201d, coment\u00f3.<\/span><\/p>\n<p><iframe src=\"https:\/\/www.youtube-nocookie.com\/embed\/DF7MeQGchZA?rel=0&amp;controls=0&amp;showinfo=0\" width=\"560\" height=\"315\" frameborder=\"0\" allowfullscreen=\"allowfullscreen\"><\/iframe><\/p>\n","protected":false},"excerpt":{"rendered":"<p>El Poder Ejecutivo espera un mejor entendimiento con el Congreso en los pr\u00f3ximos meses, asegur\u00f3 el jefe del Gabinete de Ministros, Fernando Zavala. Lima, 25 Junio 2017, (ANDINA).- El Poder Ejecutivo espera un mejor entendimiento con el Congreso en los pr\u00f3ximos meses, asegur\u00f3 el jefe del Gabinete de Ministros, Fernando Zavala, quien se mostr\u00f3 optimista [&hellip;]<\/p>\n","protected":false},"author":1,"featured_media":12253,"comment_status":"open","ping_status":"open","sticky":false,"template":"","format":"standard","meta":{"rop_custom_images_group":[],"rop_custom_messages_group":[],"rop_publish_now":"initial","rop_publish_now_accounts":[],"rop_publish_now_history":[],"rop_publish_now_status":"pending","footnotes":""},"categories":[5],"tags":[75,315,314],"class_list":["post-12252","post","type-post","status-publish","format-standard","has-post-thumbnail","hentry","category-actualidad-informativa","tag-fernando-zavala","tag-mef","tag-ministerio-de-economia-y-finanzas"],"_links":{"self":[{"href":"https:\/\/elinformanteperu.com\/index.php\/wp-json\/wp\/v2\/posts\/12252","targetHints":{"allow":["GET"]}}],"collection":[{"href":"https:\/\/elinformanteperu.com\/index.php\/wp-json\/wp\/v2\/posts"}],"about":[{"href":"https:\/\/elinformanteperu.com\/index.php\/wp-json\/wp\/v2\/types\/post"}],"author":[{"embeddable":true,"href":"https:\/\/elinformanteperu.com\/index.php\/wp-json\/wp\/v2\/users\/1"}],"replies":[{"embeddable":true,"href":"https:\/\/elinformanteperu.com\/index.php\/wp-json\/wp\/v2\/comments?post=12252"}],"version-history":[{"count":1,"href":"https:\/\/elinformanteperu.com\/index.php\/wp-json\/wp\/v2\/posts\/12252\/revisions"}],"predecessor-version":[{"id":12254,"href":"https:\/\/elinformanteperu.com\/index.php\/wp-json\/wp\/v2\/posts\/12252\/revisions\/12254"}],"wp:featuredmedia":[{"embeddable":true,"href":"https:\/\/elinformanteperu.com\/index.php\/wp-json\/wp\/v2\/media\/12253"}],"wp:attachment":[{"href":"https:\/\/elinformanteperu.com\/index.php\/wp-json\/wp\/v2\/media?parent=12252"}],"wp:term":[{"taxonomy":"category","embeddable":true,"href":"https:\/\/elinformanteperu.com\/index.php\/wp-json\/wp\/v2\/categories?post=12252"},{"taxonomy":"post_tag","embeddable":true,"href":"https:\/\/elinformanteperu.com\/index.php\/wp-json\/wp\/v2\/tags?post=12252"}],"curies":[{"name":"wp","href":"https:\/\/api.w.org\/{rel}","templated":true}]}}