{"id":12248,"date":"2017-06-25T23:48:03","date_gmt":"2017-06-26T04:48:03","guid":{"rendered":"http:\/\/elinformanteperu.com\/?p=12248"},"modified":"2017-06-25T23:58:58","modified_gmt":"2017-06-26T04:58:58","slug":"contralor-muestra-conducta-delictiva-y-debe-ser-denunciado-opina-bruce","status":"publish","type":"post","link":"https:\/\/elinformanteperu.com\/index.php\/2017\/06\/25\/contralor-muestra-conducta-delictiva-y-debe-ser-denunciado-opina-bruce\/","title":{"rendered":"Contralor muestra conducta delictiva y debe ser denunciado, opina Bruce"},"content":{"rendered":"<p><strong><span style=\"color: #000000;\">El legislador oficialista, Carlos Bruce, opin\u00f3 que el contralor Edgar Alarc\u00f3n est\u00e1 mostrando una conducta delictiva al adelantar opini\u00f3n sobre acciones de control a\u00fan no culminadas.<\/span><\/strong><\/p>\n<p><span style=\"color: #000000;\"><strong>Lima, 25 Junio 2017, (ANDINA).-<\/strong> El legislador de Peruanos por el Kambio (PPK), Carlos Bruce, opin\u00f3 que el contralor Edgar Alarc\u00f3n est\u00e1 mostrando una conducta delictiva al adelantar opini\u00f3n sobre acciones de control a\u00fan no culminadas y consider\u00f3 que estar\u00eda buscando atacar al gobierno por una venganza pol\u00edtica.<\/span><\/p>\n<p><span style=\"color: #000000;\">Por ello, Bruce afirm\u00f3 que Alarc\u00f3n deber\u00eda ser denunciado y procesado por abuso de autoridad y aprovechamiento del cargo.<\/span><\/p>\n<p><span style=\"color: #000000;\">Seg\u00fan explic\u00f3, Alarc\u00f3n ha adelantado supuestas irregularidades en el Ministerio de Educaci\u00f3n sin haber culminado el plazo para que la titular del pliego, Maril\u00fa Martens, pueda exponer sus descargos.<\/span><\/p>\n<p><span style=\"color: #000000;\">La Contralor\u00eda emiti\u00f3 un comunicado emitido esta tarde para negar haber adelantado opini\u00f3n en este tema, pero anunci\u00f3 que el tema ser\u00e1 explicado en los pr\u00f3ximos d\u00edas.<\/span><\/p>\n<p><span style=\"color: #000000;\">\u201cCreo que la justicia deber\u00eda actuar, porque ya es delictivo adelantar opini\u00f3n en un caso abierto, eso viola la ley de la Contralor\u00eda y lo hace para atacar al gobierno por venganza, y eso es abuso de autoridad y aprovechamiento del cargo, y debe ser procesado en la fiscal\u00eda\u201d, manifest\u00f3 en Agenda Pol\u00edtica.<\/span><\/p>\n<p><span style=\"color: #000000;\">En cuando a la investigaci\u00f3n que el Congreso realiza al contralor, manifest\u00f3 que en apariencia la suerte de Alarc\u00f3n \u201cest\u00e1 echada\u201d, debido a que habr\u00eda unanimidad en que su situaci\u00f3n es insalvable.<\/span><\/p>\n<p><iframe src=\"https:\/\/www.youtube-nocookie.com\/embed\/pnExopSveZ0?rel=0&amp;controls=0&amp;showinfo=0\" width=\"560\" height=\"315\" frameborder=\"0\" allowfullscreen=\"allowfullscreen\"><\/iframe><\/p>\n","protected":false},"excerpt":{"rendered":"<p>El legislador oficialista, Carlos Bruce, opin\u00f3 que el contralor Edgar Alarc\u00f3n est\u00e1 mostrando una conducta delictiva al adelantar opini\u00f3n sobre acciones de control a\u00fan no culminadas. Lima, 25 Junio 2017, (ANDINA).- El legislador de Peruanos por el Kambio (PPK), Carlos Bruce, opin\u00f3 que el contralor Edgar Alarc\u00f3n est\u00e1 mostrando una conducta delictiva al adelantar opini\u00f3n [&hellip;]<\/p>\n","protected":false},"author":1,"featured_media":12249,"comment_status":"open","ping_status":"open","sticky":false,"template":"","format":"standard","meta":{"rop_custom_images_group":[],"rop_custom_messages_group":[],"rop_publish_now":"initial","rop_publish_now_accounts":[],"rop_publish_now_history":[],"rop_publish_now_status":"pending","footnotes":""},"categories":[5],"tags":[177,855,567,1668,328],"class_list":["post-12248","post","type-post","status-publish","format-standard","has-post-thumbnail","hentry","category-actualidad-informativa","tag-contraloria","tag-edgar-alarcon","tag-marilu-martens","tag-minedu","tag-ministerio-de-de-educacion"],"_links":{"self":[{"href":"https:\/\/elinformanteperu.com\/index.php\/wp-json\/wp\/v2\/posts\/12248","targetHints":{"allow":["GET"]}}],"collection":[{"href":"https:\/\/elinformanteperu.com\/index.php\/wp-json\/wp\/v2\/posts"}],"about":[{"href":"https:\/\/elinformanteperu.com\/index.php\/wp-json\/wp\/v2\/types\/post"}],"author":[{"embeddable":true,"href":"https:\/\/elinformanteperu.com\/index.php\/wp-json\/wp\/v2\/users\/1"}],"replies":[{"embeddable":true,"href":"https:\/\/elinformanteperu.com\/index.php\/wp-json\/wp\/v2\/comments?post=12248"}],"version-history":[{"count":3,"href":"https:\/\/elinformanteperu.com\/index.php\/wp-json\/wp\/v2\/posts\/12248\/revisions"}],"predecessor-version":[{"id":12260,"href":"https:\/\/elinformanteperu.com\/index.php\/wp-json\/wp\/v2\/posts\/12248\/revisions\/12260"}],"wp:featuredmedia":[{"embeddable":true,"href":"https:\/\/elinformanteperu.com\/index.php\/wp-json\/wp\/v2\/media\/12249"}],"wp:attachment":[{"href":"https:\/\/elinformanteperu.com\/index.php\/wp-json\/wp\/v2\/media?parent=12248"}],"wp:term":[{"taxonomy":"category","embeddable":true,"href":"https:\/\/elinformanteperu.com\/index.php\/wp-json\/wp\/v2\/categories?post=12248"},{"taxonomy":"post_tag","embeddable":true,"href":"https:\/\/elinformanteperu.com\/index.php\/wp-json\/wp\/v2\/tags?post=12248"}],"curies":[{"name":"wp","href":"https:\/\/api.w.org\/{rel}","templated":true}]}}