{"id":122436,"date":"2024-06-22T02:44:20","date_gmt":"2024-06-22T07:44:20","guid":{"rendered":"https:\/\/elinformanteperu.com\/?p=122436"},"modified":"2024-06-22T02:44:20","modified_gmt":"2024-06-22T07:44:20","slug":"pj-dispone-libertad-de-jose-cavassa-en-caso-la-centralita","status":"publish","type":"post","link":"https:\/\/elinformanteperu.com\/index.php\/2024\/06\/22\/pj-dispone-libertad-de-jose-cavassa-en-caso-la-centralita\/","title":{"rendered":"PJ dispone libertad de Jos\u00e9 Cavassa en caso \u2018La Centralita\u2019"},"content":{"rendered":"<p><strong><span style=\"color: #000000;\">Mientras se procesa apelaci\u00f3n que present\u00f3 contra sentencia en su contra<\/span><\/strong><\/p>\n<p><span style=\"color: #000000;\"><strong>Lima, 21 de Junio 2024, (ANDINA).-<\/strong> El Poder Judicial declar\u00f3 fundado el pedido de Jos\u00e9 Cavassa, implicado en el Caso \u2018La Centralita\u2019 para que se suspenda la pena privativa de la libertad que se le impuso, mientras se resuelve la apelaci\u00f3n que plante\u00f3 contra dicha medida.<\/span><\/p>\n<p><span style=\"color: #000000;\">La decisi\u00f3n fue emitida por la Tercera Sala Penal de Apelaciones Nacional respecto a la solicitud que el tambi\u00e9n exfuncionario del sistema electoral plante\u00f3.<\/span><\/p>\n<p><span style=\"color: #000000;\">Se argumenta para ello que la gravedad de los hechos imputados no alcanza un grado tal que haga indispensable la ejecuci\u00f3n inmediata de la pena privativa de libertad impuesta, en tanto se resuelve el recurso de apelaci\u00f3n interpuesto contra dicha sentencia.<\/span><\/p>\n<p><strong><span style=\"color: #000000;\">Antecedentes<\/span><\/strong><\/p>\n<p><span style=\"color: #000000;\">En marzo del presente a\u00f1o, Cavassa fue condenado como coautor del delito de lavado de activos agravados en el marco del Caso \u2018La Centralita\u2019, referido a irregularidades en el gobierno regional de Chimbote, entonces a cargo de C\u00e9sar \u00c1lvarez. Ante ello, plante\u00f3 una apelaci\u00f3n.<\/span><\/p>\n<p><span style=\"color: #000000;\">La resoluci\u00f3n emitida al respecto establece que el procesado deber\u00e1 de pagar la cauci\u00f3n econ\u00f3mica que se le impuso judicialmente, y que asciende a 100 mil soles.<\/span><\/p>\n<p><span style=\"color: #000000;\">Tambi\u00e9n determina que Cavasa deber\u00e1 seguir determinadas reglas de conducta, como las de no variar su domicilio ni salir de Lima Metropolitana sin que haya una autorizaci\u00f3n expresa del juzgado que est\u00e1 a cargo de su caso. Tambi\u00e9n deber\u00e1 comparecer cada diez d\u00edas al Registro de Control Biom\u00e9trico.<\/span><\/p>\n<p><a href=\"https:\/\/elinformanteperu.com\/wp-content\/uploads\/2019\/10\/pj54.jpg\"><img fetchpriority=\"high\" decoding=\"async\" class=\"size-large wp-image-58694 aligncenter\" src=\"https:\/\/elinformanteperu.com\/wp-content\/uploads\/2019\/10\/pj54-1024x683.jpg\" alt=\"\" width=\"615\" height=\"410\" srcset=\"https:\/\/elinformanteperu.com\/wp-content\/uploads\/2019\/10\/pj54-1024x683.jpg 1024w, https:\/\/elinformanteperu.com\/wp-content\/uploads\/2019\/10\/pj54-300x200.jpg 300w, https:\/\/elinformanteperu.com\/wp-content\/uploads\/2019\/10\/pj54-768x512.jpg 768w, https:\/\/elinformanteperu.com\/wp-content\/uploads\/2019\/10\/pj54-128x85.jpg 128w, https:\/\/elinformanteperu.com\/wp-content\/uploads\/2019\/10\/pj54-32x21.jpg 32w, https:\/\/elinformanteperu.com\/wp-content\/uploads\/2019\/10\/pj54.jpg 1800w\" sizes=\"(max-width: 615px) 100vw, 615px\" \/><\/a><\/p>\n","protected":false},"excerpt":{"rendered":"<p>Mientras se procesa apelaci\u00f3n que present\u00f3 contra sentencia en su contra Lima, 21 de Junio 2024, (ANDINA).- El Poder Judicial declar\u00f3 fundado el pedido de Jos\u00e9 Cavassa, implicado en el Caso \u2018La Centralita\u2019 para que se suspenda la pena privativa de la libertad que se le impuso, mientras se resuelve la apelaci\u00f3n que plante\u00f3 contra [&hellip;]<\/p>\n","protected":false},"author":1,"featured_media":122437,"comment_status":"closed","ping_status":"closed","sticky":false,"template":"","format":"standard","meta":{"rop_custom_images_group":[],"rop_custom_messages_group":[],"rop_publish_now":"initial","rop_publish_now_accounts":[],"rop_publish_now_history":[],"rop_publish_now_status":"pending","footnotes":""},"categories":[5],"tags":[3503,163],"class_list":["post-122436","post","type-post","status-publish","format-standard","has-post-thumbnail","hentry","category-actualidad-informativa","tag-jose-cavassa","tag-poder-judicial"],"_links":{"self":[{"href":"https:\/\/elinformanteperu.com\/index.php\/wp-json\/wp\/v2\/posts\/122436","targetHints":{"allow":["GET"]}}],"collection":[{"href":"https:\/\/elinformanteperu.com\/index.php\/wp-json\/wp\/v2\/posts"}],"about":[{"href":"https:\/\/elinformanteperu.com\/index.php\/wp-json\/wp\/v2\/types\/post"}],"author":[{"embeddable":true,"href":"https:\/\/elinformanteperu.com\/index.php\/wp-json\/wp\/v2\/users\/1"}],"replies":[{"embeddable":true,"href":"https:\/\/elinformanteperu.com\/index.php\/wp-json\/wp\/v2\/comments?post=122436"}],"version-history":[{"count":1,"href":"https:\/\/elinformanteperu.com\/index.php\/wp-json\/wp\/v2\/posts\/122436\/revisions"}],"predecessor-version":[{"id":122438,"href":"https:\/\/elinformanteperu.com\/index.php\/wp-json\/wp\/v2\/posts\/122436\/revisions\/122438"}],"wp:featuredmedia":[{"embeddable":true,"href":"https:\/\/elinformanteperu.com\/index.php\/wp-json\/wp\/v2\/media\/122437"}],"wp:attachment":[{"href":"https:\/\/elinformanteperu.com\/index.php\/wp-json\/wp\/v2\/media?parent=122436"}],"wp:term":[{"taxonomy":"category","embeddable":true,"href":"https:\/\/elinformanteperu.com\/index.php\/wp-json\/wp\/v2\/categories?post=122436"},{"taxonomy":"post_tag","embeddable":true,"href":"https:\/\/elinformanteperu.com\/index.php\/wp-json\/wp\/v2\/tags?post=122436"}],"curies":[{"name":"wp","href":"https:\/\/api.w.org\/{rel}","templated":true}]}}