{"id":122430,"date":"2024-06-22T02:38:12","date_gmt":"2024-06-22T07:38:12","guid":{"rendered":"https:\/\/elinformanteperu.com\/?p=122430"},"modified":"2024-06-22T02:38:12","modified_gmt":"2024-06-22T07:38:12","slug":"procuradora-general-solicito-reapertura-de-investigacion-a-vizcarra-por-pruebas-covid-19","status":"publish","type":"post","link":"https:\/\/elinformanteperu.com\/index.php\/2024\/06\/22\/procuradora-general-solicito-reapertura-de-investigacion-a-vizcarra-por-pruebas-covid-19\/","title":{"rendered":"Procuradora general solicit\u00f3 reapertura de investigaci\u00f3n a Vizcarra por pruebas covid-19"},"content":{"rendered":"<p><span style=\"color: #000000;\"><strong>Lima, 21 de Junio 2024, (ANDINA).-<\/strong> La procuradora general del Estado, Mar\u00eda Caruajulca, solicit\u00f3 la reapertura de la investigaci\u00f3n que se le sigue al expresidente Mart\u00edn Vizcarra por la compra irregular de pruebas r\u00e1pidas para covid-19.<\/span><\/p>\n<p><span style=\"color: #000000;\">Dicho pedido, afirm\u00f3, se realiz\u00f3 durante una reuni\u00f3n sostenida con el fiscal de la Naci\u00f3n, Juan Carlos Villena, donde se expusieron las razones para que pueda tomar esta decisi\u00f3n.<\/span><\/p>\n<p><span style=\"color: #000000;\">\u00abSon nuevos elementos de convicci\u00f3n que nos los puedo expresar porque es reserva, lo que s\u00ed les puedo comentar es que le hemos solicitado que eval\u00fae una reapertura de la investigaci\u00f3n dado que a escala internacional somos el primer pa\u00eds con m\u00e1s fallecidos (por covid-19)\u00bb, dijo.<\/span><\/p>\n<p><span style=\"color: #000000;\">En declaraciones a los medios de comunicaci\u00f3n, record\u00f3 que durante la pandemia los organismos internacionales recomendaron el descarte de covid-19 mediante pruebas moleculares, incluso el Estado peruano lo hab\u00eda asumido, \u00abpero que pese a ello se estableci\u00f3 la compra irregular de pruebas r\u00e1pidas\u00bb.<\/span><\/p>\n<p><span style=\"color: #000000;\">\u00abEl fiscal de la Naci\u00f3n y su equipo van a evaluar nuestra petici\u00f3n y corresponde en su momento a que resuelva, pero esperemos que tome la mejor decisi\u00f3n, pues su actitud ha sido positiva y receptiva\u00bb, agreg\u00f3.<\/span><\/p>\n<p><span style=\"color: #000000;\">Respecto a que si el Ministerio P\u00fablico toma la decisi\u00f3n contin\u00faa con la decisi\u00f3n de archivar esta investigaci\u00f3n, el caso concluir\u00e1, \u00absalvo que surjan nuevos elementos\u00bb.<\/span><\/p>\n<p><strong><span style=\"color: #000000;\">Denuncia<\/span><\/strong><\/p>\n<p><span style=\"color: #000000;\">En otro momento, denunci\u00f3 que cuando asumi\u00f3 el cargo el pasado 24 de mayo y quiso ingresar a la computadora de la Procuradur\u00eda General, se dio con la sorpresa de que esta hab\u00eda sido formateada.<\/span><\/p>\n<p><span style=\"color: #000000;\">\u00abMe dijeron, quien lo hizo, que fue por orden de (el exprocurador Javier) Pacheco cuando no era procurador, esto es parte de una investigaci\u00f3n\u00bb, dijo.<\/span><\/p>\n<p><span style=\"color: #000000;\">\u00abTodo lo que se trabaja en la m\u00e1quina de la Procuradur\u00eda en horario de trabajo es propiedad del Estado y no puede ser formateado. He hecho la denuncia ante la comisar\u00eda de San Isidro y separado la m\u00e1quina para la investigaci\u00f3n\u00bb, a\u00f1adi\u00f3.<\/span><\/p>\n<p><a href=\"https:\/\/elinformanteperu.com\/wp-content\/uploads\/2020\/10\/vizcarra-violadores.jpg\"><img fetchpriority=\"high\" decoding=\"async\" class=\"size-large wp-image-84829 aligncenter\" src=\"https:\/\/elinformanteperu.com\/wp-content\/uploads\/2020\/10\/vizcarra-violadores-1024x683.jpg\" alt=\"\" width=\"615\" height=\"410\" srcset=\"https:\/\/elinformanteperu.com\/wp-content\/uploads\/2020\/10\/vizcarra-violadores-1024x683.jpg 1024w, https:\/\/elinformanteperu.com\/wp-content\/uploads\/2020\/10\/vizcarra-violadores-300x200.jpg 300w, https:\/\/elinformanteperu.com\/wp-content\/uploads\/2020\/10\/vizcarra-violadores-768x512.jpg 768w, https:\/\/elinformanteperu.com\/wp-content\/uploads\/2020\/10\/vizcarra-violadores-1536x1024.jpg 1536w, https:\/\/elinformanteperu.com\/wp-content\/uploads\/2020\/10\/vizcarra-violadores.jpg 1800w\" sizes=\"(max-width: 615px) 100vw, 615px\" \/><\/a><\/p>\n","protected":false},"excerpt":{"rendered":"<p>Lima, 21 de Junio 2024, (ANDINA).- La procuradora general del Estado, Mar\u00eda Caruajulca, solicit\u00f3 la reapertura de la investigaci\u00f3n que se le sigue al expresidente Mart\u00edn Vizcarra por la compra irregular de pruebas r\u00e1pidas para covid-19. Dicho pedido, afirm\u00f3, se realiz\u00f3 durante una reuni\u00f3n sostenida con el fiscal de la Naci\u00f3n, Juan Carlos Villena, donde [&hellip;]<\/p>\n","protected":false},"author":1,"featured_media":122431,"comment_status":"closed","ping_status":"closed","sticky":false,"template":"","format":"standard","meta":{"rop_custom_images_group":[],"rop_custom_messages_group":[],"rop_publish_now":"initial","rop_publish_now_accounts":[],"rop_publish_now_history":[],"rop_publish_now_status":"pending","footnotes":""},"categories":[5],"tags":[1584,2081],"class_list":["post-122430","post","type-post","status-publish","format-standard","has-post-thumbnail","hentry","category-actualidad-informativa","tag-procuraduria","tag-procuraduria-anticorrupcion"],"_links":{"self":[{"href":"https:\/\/elinformanteperu.com\/index.php\/wp-json\/wp\/v2\/posts\/122430","targetHints":{"allow":["GET"]}}],"collection":[{"href":"https:\/\/elinformanteperu.com\/index.php\/wp-json\/wp\/v2\/posts"}],"about":[{"href":"https:\/\/elinformanteperu.com\/index.php\/wp-json\/wp\/v2\/types\/post"}],"author":[{"embeddable":true,"href":"https:\/\/elinformanteperu.com\/index.php\/wp-json\/wp\/v2\/users\/1"}],"replies":[{"embeddable":true,"href":"https:\/\/elinformanteperu.com\/index.php\/wp-json\/wp\/v2\/comments?post=122430"}],"version-history":[{"count":1,"href":"https:\/\/elinformanteperu.com\/index.php\/wp-json\/wp\/v2\/posts\/122430\/revisions"}],"predecessor-version":[{"id":122432,"href":"https:\/\/elinformanteperu.com\/index.php\/wp-json\/wp\/v2\/posts\/122430\/revisions\/122432"}],"wp:featuredmedia":[{"embeddable":true,"href":"https:\/\/elinformanteperu.com\/index.php\/wp-json\/wp\/v2\/media\/122431"}],"wp:attachment":[{"href":"https:\/\/elinformanteperu.com\/index.php\/wp-json\/wp\/v2\/media?parent=122430"}],"wp:term":[{"taxonomy":"category","embeddable":true,"href":"https:\/\/elinformanteperu.com\/index.php\/wp-json\/wp\/v2\/categories?post=122430"},{"taxonomy":"post_tag","embeddable":true,"href":"https:\/\/elinformanteperu.com\/index.php\/wp-json\/wp\/v2\/tags?post=122430"}],"curies":[{"name":"wp","href":"https:\/\/api.w.org\/{rel}","templated":true}]}}