{"id":122422,"date":"2024-06-22T02:31:29","date_gmt":"2024-06-22T07:31:29","guid":{"rendered":"https:\/\/elinformanteperu.com\/?p=122422"},"modified":"2024-06-22T02:31:29","modified_gmt":"2024-06-22T07:31:29","slug":"presidenta-estamos-concentrados-en-resolver-problemas-y-acortar-las-brechas-de-pobreza","status":"publish","type":"post","link":"https:\/\/elinformanteperu.com\/index.php\/2024\/06\/22\/presidenta-estamos-concentrados-en-resolver-problemas-y-acortar-las-brechas-de-pobreza\/","title":{"rendered":"Presidenta: estamos concentrados en resolver problemas y acortar las brechas de pobreza"},"content":{"rendered":"<p><span style=\"color: #000000;\"><strong>Lima, 21 de Junio 2024, (ANDINA).-<\/strong> La presidenta de la rep\u00fablica, Dina Boluarte, afirm\u00f3 que su gesti\u00f3n gubernamental est\u00e1 concentrada en resolver los problemas de la patria y en acortar las brechas de la pobreza, siendo esta la l\u00ednea de su Gobierno.<\/span><\/p>\n<p><span style=\"color: #000000;\">Estas declaraciones las ofreci\u00f3 durante la campa\u00f1a denominada \u00abEl Per\u00fa se Abriga &#8211; Fr\u00edo Cero\u00bb que lider\u00f3 en el distrito de Villa Mar\u00eda del Triunfo.<\/span><\/p>\n<p><span style=\"color: #000000;\">\u00abEsa es la l\u00ednea que tenemos marcada como Gobierno, otros intereses no tenemos, estamos concentrados en resolver los problemas de la patria y acortar las brechas de la pobreza\u00bb, manifest\u00f3.<\/span><\/p>\n<p><span style=\"color: #000000;\">Asimismo, explic\u00f3 que esta intervenci\u00f3n tienen la finalidad de acercar los servicios que el Estado ofrece a la poblaci\u00f3n, a trav\u00e9s de la intervenci\u00f3n de ocho ministerios.<\/span><\/p>\n<p><span style=\"color: #000000;\">\u00abNo podemos ser m\u00e1s indiferentes, no podemos mirarnos a la distancia y decir que no es mi problema, es nuestro problema y hay que resolverlo, pong\u00e1monos en los zapatos de los que tienen fr\u00edo, y \u00bfc\u00f3mo lo resolvemos?, dando trabajo, oportunidades de emprendimiento, despoj\u00e1ndonos de intereses mezquinos y apostando por la unidad de la patria\u00bb, agreg\u00f3.<\/span><\/p>\n<p><span style=\"color: #000000;\">En ese sentido, explic\u00f3 que para trabajar por el Per\u00fa es necesario contar con una patria tranquila, pues en esa calma pueden venir las inversiones y con estas se podr\u00e1n atender la pobreza de manera multidimensional, algo que no hicieron otros expresidentes.<\/span><\/p>\n<p><span style=\"color: #000000;\">\u00abEn esta campa\u00f1a en la que intervienen ocho ministerios estamos priorizando 49 zonas con asentamientos humanos de 13 distritos de Lima Metropolitana, priorizando aquellas zonas de alto riesgo ante las bajas temperaturas\u00bb, agreg\u00f3.<\/span><\/p>\n<p><span style=\"color: #000000;\">Asimismo, sostuvo que como parte de esta campa\u00f1a se empadronar\u00e1n a las familias y se entregar\u00e1 abrigo para poder enfrentar el invierno en la capital.<\/span><\/p>\n<p><span style=\"color: #000000;\">Adem\u00e1s, explic\u00f3 que tambi\u00e9n cuentan con el apoyo del sector privado como la Sociedad Nacional de Pesquer\u00eda, que apoyar\u00e1 con 6 toneladas de pescados fresco para la poblaci\u00f3n vulnerable.<\/span><\/p>\n","protected":false},"excerpt":{"rendered":"<p>Lima, 21 de Junio 2024, (ANDINA).- La presidenta de la rep\u00fablica, Dina Boluarte, afirm\u00f3 que su gesti\u00f3n gubernamental est\u00e1 concentrada en resolver los problemas de la patria y en acortar las brechas de la pobreza, siendo esta la l\u00ednea de su Gobierno. Estas declaraciones las ofreci\u00f3 durante la campa\u00f1a denominada \u00abEl Per\u00fa se Abriga &#8211; [&hellip;]<\/p>\n","protected":false},"author":1,"featured_media":122423,"comment_status":"closed","ping_status":"closed","sticky":false,"template":"","format":"standard","meta":{"rop_custom_images_group":[],"rop_custom_messages_group":[],"rop_publish_now":"initial","rop_publish_now_accounts":[],"rop_publish_now_history":[],"rop_publish_now_status":"pending","footnotes":""},"categories":[5],"tags":[6528],"class_list":["post-122422","post","type-post","status-publish","format-standard","has-post-thumbnail","hentry","category-actualidad-informativa","tag-dina-boluarte"],"_links":{"self":[{"href":"https:\/\/elinformanteperu.com\/index.php\/wp-json\/wp\/v2\/posts\/122422","targetHints":{"allow":["GET"]}}],"collection":[{"href":"https:\/\/elinformanteperu.com\/index.php\/wp-json\/wp\/v2\/posts"}],"about":[{"href":"https:\/\/elinformanteperu.com\/index.php\/wp-json\/wp\/v2\/types\/post"}],"author":[{"embeddable":true,"href":"https:\/\/elinformanteperu.com\/index.php\/wp-json\/wp\/v2\/users\/1"}],"replies":[{"embeddable":true,"href":"https:\/\/elinformanteperu.com\/index.php\/wp-json\/wp\/v2\/comments?post=122422"}],"version-history":[{"count":1,"href":"https:\/\/elinformanteperu.com\/index.php\/wp-json\/wp\/v2\/posts\/122422\/revisions"}],"predecessor-version":[{"id":122424,"href":"https:\/\/elinformanteperu.com\/index.php\/wp-json\/wp\/v2\/posts\/122422\/revisions\/122424"}],"wp:featuredmedia":[{"embeddable":true,"href":"https:\/\/elinformanteperu.com\/index.php\/wp-json\/wp\/v2\/media\/122423"}],"wp:attachment":[{"href":"https:\/\/elinformanteperu.com\/index.php\/wp-json\/wp\/v2\/media?parent=122422"}],"wp:term":[{"taxonomy":"category","embeddable":true,"href":"https:\/\/elinformanteperu.com\/index.php\/wp-json\/wp\/v2\/categories?post=122422"},{"taxonomy":"post_tag","embeddable":true,"href":"https:\/\/elinformanteperu.com\/index.php\/wp-json\/wp\/v2\/tags?post=122422"}],"curies":[{"name":"wp","href":"https:\/\/api.w.org\/{rel}","templated":true}]}}