{"id":122411,"date":"2024-06-22T02:16:53","date_gmt":"2024-06-22T07:16:53","guid":{"rendered":"https:\/\/elinformanteperu.com\/?p=122411"},"modified":"2024-06-22T02:16:53","modified_gmt":"2024-06-22T07:16:53","slug":"pj-admite-demanda-de-amparo-que-busca-anular-acceso-a-celulares-de-alan-garcia","status":"publish","type":"post","link":"https:\/\/elinformanteperu.com\/index.php\/2024\/06\/22\/pj-admite-demanda-de-amparo-que-busca-anular-acceso-a-celulares-de-alan-garcia\/","title":{"rendered":"PJ admite demanda de amparo que busca anular acceso a celulares de Alan Garc\u00eda"},"content":{"rendered":"<p><span style=\"color: #000000;\"><strong>Lima, 21 de Junio 2024, (ANDINA).-<\/strong> El Poder Judicial (PJ) admiti\u00f3 a tr\u00e1mite la demanda de amparo interpuesta por los familiares de Alan Garc\u00eda P\u00e9rez para declarar la nulidad de autorizaci\u00f3n de acceso a la informaci\u00f3n contenida en dos celulares del exmandatario.<\/span><\/p>\n<p><span style=\"color: #000000;\">Como se recuerda, el pasado 14 de junio fue postergada la diligencia de apertura y extracci\u00f3n de informaci\u00f3n de dos celulares (tel\u00e9fonos m\u00f3viles) pertenecientes al exmandatario.<\/span><\/p>\n<p><span style=\"color: #000000;\">En dicha actividad, que estuvo a cargo del Jos\u00e9 Domingo P\u00e9rez, se desarroll\u00f3 en el marco de la investigaci\u00f3n seguida contra Luis Nava Guibert, Enrique Cornejo Ram\u00edrez y otros.<\/span><\/p>\n<p><span style=\"color: #000000;\">A los exfuncionarios durante el segundo gobierno aprista se les investiga por la presunta comisi\u00f3n de los delitos de colusi\u00f3n, lavado de activos y otros.<\/span><\/p>\n<p><span style=\"color: #000000;\">Esta apertura y extracci\u00f3n de informaci\u00f3n de los celulares fue autorizada por el Sexto Juzgado de Investigaci\u00f3n Preparatoria Nacional, mediante Resoluci\u00f3n 13, de fecha 11 de marzo de 2024, confirmada por la Tercera Sala Penal de Apelaciones Nacional, mediante la Resoluci\u00f3n 16, de fecha 24 de mayo 2024.<\/span><\/p>\n<p><strong><span style=\"color: #000000;\">Descarte<\/span><\/strong><\/p>\n<p><span style=\"color: #000000;\">Antes de la diligencia, el fiscal Jos\u00e9 Domingo P\u00e9rez descart\u00f3 el uso medi\u00e1tico de la informaci\u00f3n que se obtenga de los celulares de Garc\u00eda P\u00e9rez.<\/span><\/p>\n<p><span style=\"color: #000000;\">En declaraciones a los medios de comunicaci\u00f3n, asegur\u00f3 que las defensas legales de los involucrados, desde un primer momento, buscaron evitar esta diligencia, pero que al contar con el permiso judicial pertinente se podr\u00e1 realizar.<\/span><\/p>\n<p><span style=\"color: #000000;\">Respecto a la inconstitucionalidad de la diligencia, planteada por la defensa legal de la familia del expresidente, precis\u00f3 que este planteamiento ya fue descartado por la justicia.<\/span><\/p>\n<p><span style=\"color: #000000;\">Por su parte, Erasmo Reyna, defensa legal de los deudos de Garc\u00eda P\u00e9rez, reiter\u00f3 que la apertura y extracci\u00f3n de informaci\u00f3n de sus celulares es una medida \u00abinconstitucional\u00bb.<\/span><\/p>\n<p><span style=\"color: #000000;\">El abogado sustent\u00f3 su posici\u00f3n indicando que no se puede seguir investigando a una persona que ya falleci\u00f3, pues se extingui\u00f3 la acci\u00f3n penal.<\/span><\/p>\n","protected":false},"excerpt":{"rendered":"<p>Lima, 21 de Junio 2024, (ANDINA).- El Poder Judicial (PJ) admiti\u00f3 a tr\u00e1mite la demanda de amparo interpuesta por los familiares de Alan Garc\u00eda P\u00e9rez para declarar la nulidad de autorizaci\u00f3n de acceso a la informaci\u00f3n contenida en dos celulares del exmandatario. Como se recuerda, el pasado 14 de junio fue postergada la diligencia de [&hellip;]<\/p>\n","protected":false},"author":1,"featured_media":122412,"comment_status":"closed","ping_status":"closed","sticky":false,"template":"","format":"standard","meta":{"rop_custom_images_group":[],"rop_custom_messages_group":[],"rop_publish_now":"initial","rop_publish_now_accounts":[],"rop_publish_now_history":[],"rop_publish_now_status":"pending","footnotes":""},"categories":[5],"tags":[],"class_list":["post-122411","post","type-post","status-publish","format-standard","has-post-thumbnail","hentry","category-actualidad-informativa"],"_links":{"self":[{"href":"https:\/\/elinformanteperu.com\/index.php\/wp-json\/wp\/v2\/posts\/122411","targetHints":{"allow":["GET"]}}],"collection":[{"href":"https:\/\/elinformanteperu.com\/index.php\/wp-json\/wp\/v2\/posts"}],"about":[{"href":"https:\/\/elinformanteperu.com\/index.php\/wp-json\/wp\/v2\/types\/post"}],"author":[{"embeddable":true,"href":"https:\/\/elinformanteperu.com\/index.php\/wp-json\/wp\/v2\/users\/1"}],"replies":[{"embeddable":true,"href":"https:\/\/elinformanteperu.com\/index.php\/wp-json\/wp\/v2\/comments?post=122411"}],"version-history":[{"count":1,"href":"https:\/\/elinformanteperu.com\/index.php\/wp-json\/wp\/v2\/posts\/122411\/revisions"}],"predecessor-version":[{"id":122413,"href":"https:\/\/elinformanteperu.com\/index.php\/wp-json\/wp\/v2\/posts\/122411\/revisions\/122413"}],"wp:featuredmedia":[{"embeddable":true,"href":"https:\/\/elinformanteperu.com\/index.php\/wp-json\/wp\/v2\/media\/122412"}],"wp:attachment":[{"href":"https:\/\/elinformanteperu.com\/index.php\/wp-json\/wp\/v2\/media?parent=122411"}],"wp:term":[{"taxonomy":"category","embeddable":true,"href":"https:\/\/elinformanteperu.com\/index.php\/wp-json\/wp\/v2\/categories?post=122411"},{"taxonomy":"post_tag","embeddable":true,"href":"https:\/\/elinformanteperu.com\/index.php\/wp-json\/wp\/v2\/tags?post=122411"}],"curies":[{"name":"wp","href":"https:\/\/api.w.org\/{rel}","templated":true}]}}