{"id":122407,"date":"2024-06-22T02:14:50","date_gmt":"2024-06-22T07:14:50","guid":{"rendered":"https:\/\/elinformanteperu.com\/?p=122407"},"modified":"2024-06-22T02:14:50","modified_gmt":"2024-06-22T07:14:50","slug":"poder-judicial-pone-a-disposicion-del-inpe-a-alejandro-sanchez","status":"publish","type":"post","link":"https:\/\/elinformanteperu.com\/index.php\/2024\/06\/22\/poder-judicial-pone-a-disposicion-del-inpe-a-alejandro-sanchez\/","title":{"rendered":"Poder Judicial pone a disposici\u00f3n del Inpe a Alejandro S\u00e1nchez"},"content":{"rendered":"<p><strong><span style=\"color: #000000;\">Organismo deber\u00e1 determinar a que penal ser\u00e1 recluido<\/span><\/strong><\/p>\n<p><span style=\"color: #000000;\"><strong>Lima, 21 de Junio 2024, (ANDINA).-<\/strong> El Poder Judicial (PJ) puso a disposici\u00f3n del Instituto Nacional Penitenciario (Inpe) a Alejandro S\u00e1nchez, para que determine el penal en que ser\u00e1 recluido en cumplimiento de la prisi\u00f3n preventiva decretada en su contra.<\/span><\/p>\n<p><span style=\"color: #000000;\">Como se recuerda, Alejando S\u00e1nchez, propietario de la casa del jir\u00f3n Sarratea lleg\u00f3 esta tarde al Per\u00fa tras ser deportado desde los Estados Unidos, con la finalidad de que siga la investigaci\u00f3n en el pa\u00eds por el caso denominado Asesores en la Sombra.<\/span><\/p>\n<p><span style=\"color: #000000;\">S\u00e1nchez S\u00e1nchez arrib\u00f3 al Grupo A\u00e9reo N.\u00b0 8 en un vuelo ch\u00e1rter, junto con 150 deportados de Estados Unidos.<\/span><\/p>\n<p><span style=\"color: #000000;\">S\u00e1nchez S\u00e1nchez estaba pr\u00f3fugo de la justicia peruana desde octubre de 2022, luego de que el Poder Judicial orden\u00f3 su detenci\u00f3n preliminar por un plazo de 30 meses, en el marco de las investigaciones por el presunto delito de investigaci\u00f3n criminal.<\/span><\/p>\n<p><span style=\"color: #000000;\">Fue detenido en Estados Unidos por la polic\u00eda de Migraciones de Estados Unidos cuanto intentaba cruzar la frontera en forma irregular e ingresar a territorio norteamericano. El Gobierno de Estados Unidos rechaz\u00f3 su pedido de asilo y dispuso su expulsi\u00f3n, tras agotarse todos los procedimientos presentados por su defensa.<\/span><\/p>\n<p><span style=\"color: #000000;\">Luego de pisar suelo peruano, S\u00e1nchez S\u00e1nchez fue trasladado a la sede del Instituto de Medicina Legal y Ciencias Forenses del Ministerio P\u00fablico, en el Cercado de Lima, donde se le realiz\u00f3 el reconocimiento m\u00e9dico legal correspondiente.<\/span><\/p>\n<p><span style=\"color: #000000;\">Como se sabe, la fiscal\u00eda atribuye a S\u00e1nchez S\u00e1nchez ser parte de una presunta organizaci\u00f3n criminal, liderada por Pedro Castillo y que estar\u00eda integrada por los exministros Geiner Alvarado y Juan Silva, as\u00ed como Abel Cabrera, Jos\u00e9 Medina, Salatiel Marrufo, Biberto Castillo, entre otros.<\/span><\/p>\n<p><span style=\"color: #000000;\">De acuerdo al Ministerio P\u00fablico, S\u00e1nchez ten\u00edan el rol de financistas y coordinador de la organizaci\u00f3n que se habr\u00edan encargado de negociar con alcaldes y empresarios obras p\u00fablicas de saneamiento incluidos en un decreto de urgencia.<\/span><\/p>\n<p><a href=\"https:\/\/elinformanteperu.com\/wp-content\/uploads\/2024\/06\/PJ-Alejandro-Sanchez1.jpg\"><img fetchpriority=\"high\" decoding=\"async\" class=\"size-full wp-image-122409 aligncenter\" src=\"https:\/\/elinformanteperu.com\/wp-content\/uploads\/2024\/06\/PJ-Alejandro-Sanchez1.jpg\" alt=\"\" width=\"500\" height=\"333\" srcset=\"https:\/\/elinformanteperu.com\/wp-content\/uploads\/2024\/06\/PJ-Alejandro-Sanchez1.jpg 500w, https:\/\/elinformanteperu.com\/wp-content\/uploads\/2024\/06\/PJ-Alejandro-Sanchez1-300x200.jpg 300w\" sizes=\"(max-width: 500px) 100vw, 500px\" \/><\/a><\/p>\n","protected":false},"excerpt":{"rendered":"<p>Organismo deber\u00e1 determinar a que penal ser\u00e1 recluido Lima, 21 de Junio 2024, (ANDINA).- El Poder Judicial (PJ) puso a disposici\u00f3n del Instituto Nacional Penitenciario (Inpe) a Alejandro S\u00e1nchez, para que determine el penal en que ser\u00e1 recluido en cumplimiento de la prisi\u00f3n preventiva decretada en su contra. Como se recuerda, Alejando S\u00e1nchez, propietario de [&hellip;]<\/p>\n","protected":false},"author":1,"featured_media":122408,"comment_status":"closed","ping_status":"closed","sticky":false,"template":"","format":"standard","meta":{"rop_custom_images_group":[],"rop_custom_messages_group":[],"rop_publish_now":"initial","rop_publish_now_accounts":[],"rop_publish_now_history":[],"rop_publish_now_status":"pending","footnotes":""},"categories":[5],"tags":[7540,163],"class_list":["post-122407","post","type-post","status-publish","format-standard","has-post-thumbnail","hentry","category-actualidad-informativa","tag-alejando-sanchez","tag-poder-judicial"],"_links":{"self":[{"href":"https:\/\/elinformanteperu.com\/index.php\/wp-json\/wp\/v2\/posts\/122407","targetHints":{"allow":["GET"]}}],"collection":[{"href":"https:\/\/elinformanteperu.com\/index.php\/wp-json\/wp\/v2\/posts"}],"about":[{"href":"https:\/\/elinformanteperu.com\/index.php\/wp-json\/wp\/v2\/types\/post"}],"author":[{"embeddable":true,"href":"https:\/\/elinformanteperu.com\/index.php\/wp-json\/wp\/v2\/users\/1"}],"replies":[{"embeddable":true,"href":"https:\/\/elinformanteperu.com\/index.php\/wp-json\/wp\/v2\/comments?post=122407"}],"version-history":[{"count":1,"href":"https:\/\/elinformanteperu.com\/index.php\/wp-json\/wp\/v2\/posts\/122407\/revisions"}],"predecessor-version":[{"id":122410,"href":"https:\/\/elinformanteperu.com\/index.php\/wp-json\/wp\/v2\/posts\/122407\/revisions\/122410"}],"wp:featuredmedia":[{"embeddable":true,"href":"https:\/\/elinformanteperu.com\/index.php\/wp-json\/wp\/v2\/media\/122408"}],"wp:attachment":[{"href":"https:\/\/elinformanteperu.com\/index.php\/wp-json\/wp\/v2\/media?parent=122407"}],"wp:term":[{"taxonomy":"category","embeddable":true,"href":"https:\/\/elinformanteperu.com\/index.php\/wp-json\/wp\/v2\/categories?post=122407"},{"taxonomy":"post_tag","embeddable":true,"href":"https:\/\/elinformanteperu.com\/index.php\/wp-json\/wp\/v2\/tags?post=122407"}],"curies":[{"name":"wp","href":"https:\/\/api.w.org\/{rel}","templated":true}]}}