{"id":122404,"date":"2024-06-22T02:10:10","date_gmt":"2024-06-22T07:10:10","guid":{"rendered":"https:\/\/elinformanteperu.com\/?p=122404"},"modified":"2024-06-22T02:10:10","modified_gmt":"2024-06-22T07:10:10","slug":"precios-de-las-tarifas-electricas-no-se-incrementaran","status":"publish","type":"post","link":"https:\/\/elinformanteperu.com\/index.php\/2024\/06\/22\/precios-de-las-tarifas-electricas-no-se-incrementaran\/","title":{"rendered":"Precios de las tarifas el\u00e9ctricas no se incrementar\u00e1n"},"content":{"rendered":"<p><strong><span style=\"color: #000000;\">Ante la posible presencia del Fen\u00f3meno de La Ni\u00f1a<\/span><\/strong><\/p>\n<p><span style=\"color: #000000;\"><strong>Lima, 21 de Junio 2024, (ANDINA).-<\/strong> La probable presencia del Fen\u00f3meno de La Ni\u00f1a en las costas peruanas no impactar\u00e1 en las tarifas el\u00e9ctricas de aproximadamente ocho millones de usuarios, afirm\u00f3 el gerente general de Luz del Sur, Mario Gonzales.<\/span><\/p>\n<p><span style=\"color: #000000;\">Recientemente, la Comisi\u00f3n Multisectorial del Estudio Nacional del Fen\u00f3meno El Ni\u00f1o (Enfen) cambi\u00f3 el estado del sistema de alerta a Vigilancia de La Ni\u00f1a Costera. Varios analistas aseguraron que, de consolidarse el fen\u00f3meno, podr\u00edan presentarse lluvias por debajo del promedio hasta la primavera en la regi\u00f3n andina central y sur, y menores caudales en los r\u00edos del norte y sur, agravando el d\u00e9ficit h\u00eddrico habitual del estiaje.<\/span><\/p>\n<p><span style=\"color: #000000;\">Esto traer\u00eda como consecuencia una afectaci\u00f3n de la producci\u00f3n hidroel\u00e9ctrica y obligar\u00eda a recurrir a centrales t\u00e9rmicas a di\u00e9sel, elevando los costos de generaci\u00f3n el\u00e9ctrica.<\/span><\/p>\n<p><span style=\"color: #000000;\">\u201cEn el Per\u00fa, la matriz energ\u00e9tica se basa principalmente en la hidrogeneraci\u00f3n. Hay poco desarrollo e\u00f3lico y de energ\u00eda solar; toda la diferencia de lo que no se puede producir con agua se produce con el gas natural de Camisea, principalmente en Chilca. Si, efectivamente, la base del sistema no tiene agua para producir energ\u00eda, entonces podr\u00edan encenderse las m\u00e1quinas de diesel. El costo de este combustible es mucho m\u00e1s alto que el del gas natural y, por lo tanto, el costo de la energ\u00eda en el mercado mayorista subir\u00e1\u201d, precis\u00f3 Gonzales.<\/span><\/p>\n<p><span style=\"color: #000000;\">No obstante, precis\u00f3 que la gran mayor\u00eda de clientes en todo el pa\u00eds son regulados, es decir, clientes para quienes se compr\u00f3 energ\u00eda de hace mucho tiempo atr\u00e1s hacia el futuro.<\/span><\/p>\n<p><span style=\"color: #000000;\">\u201cLos clientes regulados en el pa\u00eds ascienden a alrededor de ocho millones y ellos no tendr\u00e1n un incremento en sus tarifas el\u00e9ctricas\u201d, asegur\u00f3.<\/span><\/p>\n<p><span style=\"color: #000000;\">Sin embargo, el ejecutivo sostuvo que quienes s\u00ed podr\u00edan ver un incremento en sus tarifas el\u00e9ctricas son las industrias, que sumar alrededor de 3,000; y que suscribieron contratos y est\u00e1n sujetos a los cambios de costo del mercado mayorista.<\/span><\/p>\n<p><span style=\"color: #000000;\">\u201cEstas empresas, si sus contratos prev\u00e9n ajustes el precio de acuerdo al costo del mercado mayorista, conocido como costo spot, s\u00ed podr\u00eda tener un incremento tarifario\u201d.<\/span><\/p>\n<p><span style=\"color: #000000;\">El gerente general de Luz del Sur recalc\u00f3 que las tarifas el\u00e9ctricas de los hogares peruanos no se ver\u00e1n afectados por este fen\u00f3meno clim\u00e1tico, porque cuenta con una tarifa fija, establecida por el Organismo Supervisor de la Inversi\u00f3n en Energ\u00eda y Minas (Osinergmin).<\/span><\/p>\n<p><span style=\"color: #000000;\">\u201cEsta tarifa se revisa cada dos a\u00f1os, pero los cambios no son abruptos son ligeros, ya sean al alza o a la baja; son modificaciones muy ligeras\u201d, asever\u00f3.<\/span><\/p>\n<p><strong><span style=\"color: #000000;\">Nueva flota<\/span><\/strong><\/p>\n<p><span style=\"color: #000000;\">El ejecutivo present\u00f3 la nueva flota de autom\u00f3viles 100% el\u00e9ctricos con los que la empresa distribuidora de electricidad contar\u00e1. \u201cActualmente contamos con 62 veh\u00edculos y est\u00e1n por llegar otros 30 m\u00e1s, los cuales deber\u00e1n estar operando antes de agosto pr\u00f3ximo\u201d, precis\u00f3 Gonzales.<\/span><\/p>\n<p><span style=\"color: #000000;\">Coment\u00f3 que estos veh\u00edculos tienen una autonom\u00eda de entre 380 y 500 kil\u00f3metros de recorrido, dependiendo del uso que se les puede dar.<\/span><\/p>\n","protected":false},"excerpt":{"rendered":"<p>Ante la posible presencia del Fen\u00f3meno de La Ni\u00f1a Lima, 21 de Junio 2024, (ANDINA).- La probable presencia del Fen\u00f3meno de La Ni\u00f1a en las costas peruanas no impactar\u00e1 en las tarifas el\u00e9ctricas de aproximadamente ocho millones de usuarios, afirm\u00f3 el gerente general de Luz del Sur, Mario Gonzales. Recientemente, la Comisi\u00f3n Multisectorial del Estudio [&hellip;]<\/p>\n","protected":false},"author":1,"featured_media":122405,"comment_status":"closed","ping_status":"closed","sticky":false,"template":"","format":"standard","meta":{"rop_custom_images_group":[],"rop_custom_messages_group":[],"rop_publish_now":"initial","rop_publish_now_accounts":[],"rop_publish_now_history":[],"rop_publish_now_status":"pending","footnotes":""},"categories":[10],"tags":[5916,434],"class_list":["post-122404","post","type-post","status-publish","format-standard","has-post-thumbnail","hentry","category-actualidad-municipal","tag-luz-del-sur","tag-osinergmin"],"_links":{"self":[{"href":"https:\/\/elinformanteperu.com\/index.php\/wp-json\/wp\/v2\/posts\/122404","targetHints":{"allow":["GET"]}}],"collection":[{"href":"https:\/\/elinformanteperu.com\/index.php\/wp-json\/wp\/v2\/posts"}],"about":[{"href":"https:\/\/elinformanteperu.com\/index.php\/wp-json\/wp\/v2\/types\/post"}],"author":[{"embeddable":true,"href":"https:\/\/elinformanteperu.com\/index.php\/wp-json\/wp\/v2\/users\/1"}],"replies":[{"embeddable":true,"href":"https:\/\/elinformanteperu.com\/index.php\/wp-json\/wp\/v2\/comments?post=122404"}],"version-history":[{"count":1,"href":"https:\/\/elinformanteperu.com\/index.php\/wp-json\/wp\/v2\/posts\/122404\/revisions"}],"predecessor-version":[{"id":122406,"href":"https:\/\/elinformanteperu.com\/index.php\/wp-json\/wp\/v2\/posts\/122404\/revisions\/122406"}],"wp:featuredmedia":[{"embeddable":true,"href":"https:\/\/elinformanteperu.com\/index.php\/wp-json\/wp\/v2\/media\/122405"}],"wp:attachment":[{"href":"https:\/\/elinformanteperu.com\/index.php\/wp-json\/wp\/v2\/media?parent=122404"}],"wp:term":[{"taxonomy":"category","embeddable":true,"href":"https:\/\/elinformanteperu.com\/index.php\/wp-json\/wp\/v2\/categories?post=122404"},{"taxonomy":"post_tag","embeddable":true,"href":"https:\/\/elinformanteperu.com\/index.php\/wp-json\/wp\/v2\/tags?post=122404"}],"curies":[{"name":"wp","href":"https:\/\/api.w.org\/{rel}","templated":true}]}}