{"id":122319,"date":"2024-06-18T01:51:00","date_gmt":"2024-06-18T06:51:00","guid":{"rendered":"https:\/\/elinformanteperu.com\/?p=122319"},"modified":"2024-06-18T01:51:00","modified_gmt":"2024-06-18T06:51:00","slug":"jefe-del-gabinete-rechaza-todo-tipo-de-violencia-contra-menores-en-el-pais","status":"publish","type":"post","link":"https:\/\/elinformanteperu.com\/index.php\/2024\/06\/18\/jefe-del-gabinete-rechaza-todo-tipo-de-violencia-contra-menores-en-el-pais\/","title":{"rendered":"Jefe del Gabinete rechaza todo tipo de violencia contra menores en el pa\u00eds"},"content":{"rendered":"<p><span style=\"color: #000000;\"><strong>Lima, 17 de Junio 2024, (ANDINA).-<\/strong> El jefe del Gabinete Ministerial Gustavo Adrianz\u00e9n reafirm\u00f3 el absoluto rechazo del Gobierno de la presidenta Dina Boluarte a las agresiones sexuales cometidas contra menores de edad en la provincia de Condorcanqui, en el departamento de Amazonas.<\/span><\/p>\n<p><span style=\"color: #000000;\">\u201cEl Per\u00fa se reconoce como un pa\u00eds que no permite, por ning\u00fan motivo, el abuso sexual contra nuestros ni\u00f1os, ni\u00f1as y adolescentes. Nuestras obligaciones como Estado democr\u00e1tico no permiten ni justifican este delito\u201d, puntualiz\u00f3.<\/span><\/p>\n<p><span style=\"color: #000000;\">El jefe del Gabinete Ministerial cuestion\u00f3 la desatenci\u00f3n por parte del Estado hacia las comunidades awaj\u00fan, y anunci\u00f3 que desde el Ejecutivo se brindar\u00e1 asistencia a la poblaci\u00f3n afectada por estos hechos.<\/span><\/p>\n<p><span style=\"color: #000000;\">Esto se dar\u00e1 tanto desde el nivel psicol\u00f3gico como sanitario. \u201cLas v\u00edctimas recibir\u00e1n atenci\u00f3n integral\u201d, subray\u00f3.<\/span><\/p>\n<p><span style=\"color: #000000;\">En otro momento, el presidente del Consejo de Ministros, enfatiz\u00f3 que la visita oficial de la presidenta Dina Boluarte a la Rep\u00fablica Popular China, que se realizar\u00e1 del 23 al 30 de este mes, tendr\u00e1 por objetivo posicionar la imagen del Per\u00fa en el mundo y fomentar la llegada de inversiones extranjeras.<\/span><\/p>\n<p><span style=\"color: #000000;\">\u201cLa mandataria mostrar\u00e1 las riquezas que ofrece el Per\u00fa y se invitar\u00e1 a empresarios y funcionarios a visitar el pa\u00eds para que comprueben las oportunidades de negocio que brindamos\u201d, indic\u00f3 el jefe del Gabinete Ministerial en di\u00e1logo con la prensa extranjera.<\/span><\/p>\n<p><span style=\"color: #000000;\">Se\u00f1al\u00f3 que esta iniciativa es parte de las acciones que impulsa el Gobierno para captar capitales extranjeros, y precis\u00f3 que, durante la estad\u00eda en el pa\u00eds asi\u00e1tico, se sostendr\u00e1n conversaciones con representantes de diferentes rubros de la econom\u00eda china para impulsarlos a invertir en el Per\u00fa en los campos tecnol\u00f3gico, minero y agroindustrial, entre otros rubros.<\/span><\/p>\n<p><span style=\"color: #000000;\">\u201cLa expectativa con este viaje es muy grande. China es el primer socio comercial del Per\u00fa en la actualidad, de cuyo mercado no se ha aprovechado ni el 10% de posibilidades\u201d, declar\u00f3.<\/span><\/p>\n<p><span style=\"color: #000000;\">El titular de la PCM confirm\u00f3 que en la visita oficial la presidenta Boluarte invitar\u00e1 al presidente chino Xi Jinping a la pr\u00f3xima inauguraci\u00f3n del Megapuerto de Chancay.<\/span><\/p>\n<p><strong><span style=\"color: #000000;\">Crecimiento debe llegar a la poblaci\u00f3n<\/span><\/strong><\/p>\n<p><span style=\"color: #000000;\">En otro momento, el titular de la Presidencia del Consejo de Ministros (PCM) destac\u00f3 el crecimiento de la producci\u00f3n nacional en 5.28% registrado por el Instituto Nacional de Estad\u00edstica (INEI). No obstante, remarc\u00f3 que el Ejecutivo se enfocar\u00e1 en lograr que este avance llegue a los bolsillos de la poblaci\u00f3n.<\/span><\/p>\n<p><span style=\"color: #000000;\">\u201cLas cifras macroecon\u00f3micas importan cuando llegan al ciudadano y en ese esfuerzo estamos comprometidos. Ejemplo de ello es mantener una inflaci\u00f3n m\u00ednima, como la actual, a fin de que las cabezas de los hogares encuentren precios estables cuando acudan a los mercados\u201d, expres\u00f3.<\/span><\/p>\n<p><span style=\"color: #000000;\">A\u00f1adi\u00f3 que cuando la reactivaci\u00f3n econ\u00f3mica se afiance se contar\u00e1 con una mayor recaudaci\u00f3n del IGV, lo que permitir\u00e1 a las municipalidades distritales ejecutar obras que impacten directamente en los vecinos, gracias al incremento del Fondo de Compensaci\u00f3n Municipal (Foncomun).<\/span><\/p>\n<p><span style=\"color: #000000;\">\u201cEl segundo semestre va a ser significativamente mejor que el primero, que est\u00e1 por terminar. En esa l\u00ednea, creo que vamos a cerrar el a\u00f1o por encima de 3.5% de crecimiento\u201d, acot\u00f3.<\/span><\/p>\n","protected":false},"excerpt":{"rendered":"<p>Lima, 17 de Junio 2024, (ANDINA).- El jefe del Gabinete Ministerial Gustavo Adrianz\u00e9n reafirm\u00f3 el absoluto rechazo del Gobierno de la presidenta Dina Boluarte a las agresiones sexuales cometidas contra menores de edad en la provincia de Condorcanqui, en el departamento de Amazonas. \u201cEl Per\u00fa se reconoce como un pa\u00eds que no permite, por ning\u00fan [&hellip;]<\/p>\n","protected":false},"author":1,"featured_media":122320,"comment_status":"closed","ping_status":"closed","sticky":false,"template":"","format":"standard","meta":{"rop_custom_images_group":[],"rop_custom_messages_group":[],"rop_publish_now":"initial","rop_publish_now_accounts":[],"rop_publish_now_history":[],"rop_publish_now_status":"pending","footnotes":""},"categories":[5],"tags":[7382,189,2317],"class_list":["post-122319","post","type-post","status-publish","format-standard","has-post-thumbnail","hentry","category-actualidad-informativa","tag-gustavo-adrianzen","tag-pcm","tag-presidencia-del-consejo-de-ministros"],"_links":{"self":[{"href":"https:\/\/elinformanteperu.com\/index.php\/wp-json\/wp\/v2\/posts\/122319","targetHints":{"allow":["GET"]}}],"collection":[{"href":"https:\/\/elinformanteperu.com\/index.php\/wp-json\/wp\/v2\/posts"}],"about":[{"href":"https:\/\/elinformanteperu.com\/index.php\/wp-json\/wp\/v2\/types\/post"}],"author":[{"embeddable":true,"href":"https:\/\/elinformanteperu.com\/index.php\/wp-json\/wp\/v2\/users\/1"}],"replies":[{"embeddable":true,"href":"https:\/\/elinformanteperu.com\/index.php\/wp-json\/wp\/v2\/comments?post=122319"}],"version-history":[{"count":1,"href":"https:\/\/elinformanteperu.com\/index.php\/wp-json\/wp\/v2\/posts\/122319\/revisions"}],"predecessor-version":[{"id":122321,"href":"https:\/\/elinformanteperu.com\/index.php\/wp-json\/wp\/v2\/posts\/122319\/revisions\/122321"}],"wp:featuredmedia":[{"embeddable":true,"href":"https:\/\/elinformanteperu.com\/index.php\/wp-json\/wp\/v2\/media\/122320"}],"wp:attachment":[{"href":"https:\/\/elinformanteperu.com\/index.php\/wp-json\/wp\/v2\/media?parent=122319"}],"wp:term":[{"taxonomy":"category","embeddable":true,"href":"https:\/\/elinformanteperu.com\/index.php\/wp-json\/wp\/v2\/categories?post=122319"},{"taxonomy":"post_tag","embeddable":true,"href":"https:\/\/elinformanteperu.com\/index.php\/wp-json\/wp\/v2\/tags?post=122319"}],"curies":[{"name":"wp","href":"https:\/\/api.w.org\/{rel}","templated":true}]}}