{"id":122274,"date":"2024-06-18T00:33:01","date_gmt":"2024-06-18T05:33:01","guid":{"rendered":"https:\/\/elinformanteperu.com\/?p=122274"},"modified":"2024-06-18T00:33:01","modified_gmt":"2024-06-18T05:33:01","slug":"smp-solicitan-18-meses-de-prision-preventiva-contra-60-sujetos-intervenidos-en-bunker","status":"publish","type":"post","link":"https:\/\/elinformanteperu.com\/index.php\/2024\/06\/18\/smp-solicitan-18-meses-de-prision-preventiva-contra-60-sujetos-intervenidos-en-bunker\/","title":{"rendered":"SMP: solicitan 18 meses de prisi\u00f3n preventiva contra 60 sujetos intervenidos en b\u00fanker"},"content":{"rendered":"<p><span style=\"color: #000000;\"><strong>Lima, 17 de Junio 2024, (ANDINA).-<\/strong> La S\u00e9ptima Fiscal\u00eda Penal de Lima Norte solicit\u00f3 18 meses de prisi\u00f3n preventiva contra 60 personas intervenidas en un bar de San Mart\u00edn de Porres, por los presuntos delitos de tenencia ilegal de armas de fuego y municiones, microcomercializaci\u00f3n de drogas y banda criminal.<\/span><\/p>\n<p><span style=\"color: #000000;\">A trav\u00e9s de las redes sociales, el Ministerio P\u00fablico a\u00f1ade que el fiscal provincial no solicit\u00f3 la medida coercitiva contra uno de los intervenidos debido a que es menor de edad (17 a\u00f1os).<\/span><\/p>\n<p><span style=\"color: #000000;\">El pasado domingo 9 de junio, efectivos de la Direcci\u00f3n de Investigaci\u00f3n Criminal (Dirincri) de la Polic\u00eda Nacional del Per\u00fa (PNP) detuvieron a un total de 61 personas, en un b\u00fanker denominado \u2018La Caleta\u2019, en el distrito de San Mart\u00edn de Porres.<\/span><\/p>\n<p><span style=\"color: #000000;\">Dicho local fue allanado en el marco del plan \u201cAmanecer Seguro\u201d, impulsado por el ministro del Interior, Juan Jos\u00e9 Santiv\u00e1\u00f1ez, y el comandante general de la PNP, General de Polic\u00eda V\u00edctor Zanabria.<\/span><\/p>\n<p><span style=\"color: #000000;\">Del total de detenidos, 54 ser\u00edan ciudadanos extranjeros con condici\u00f3n migratoria irregular. Entre los detenidos se encontraban 47 varones y siete mujeres de origen venezolano, as\u00ed como dos colombianos. Tambi\u00e9n fueron intervenidos cuatro hombres y una mujer de nacionalidad peruana.<\/span><\/p>\n<p><span style=\"color: #000000;\">Todos ellos formar\u00edan parte de las presuntas bandas criminales \u2018Los Enloquecidos del Mal\u2019 y \u2018Los Piratas\u2019, esta \u00faltima ser\u00eda una facci\u00f3n de la organizaci\u00f3n delictiva \u2018Los Gallegos\u2019.<\/span><\/p>\n<p><span style=\"color: #000000;\">Dichas estructuras se dedicar\u00edan a las extorsiones, el tr\u00e1fico il\u00edcito de drogas, la trata de personas y los robos, entre otros delitos perpetrados en Lima Norte.<\/span><\/p>\n<p><span style=\"color: #000000;\">Las investigaciones apuntan a que el b\u00fanker servir\u00eda no solo como un lugar donde se re\u00fanen los miembros de estas bandas, luego de perpetrar sus il\u00edcitos, sino tambi\u00e9n como un espacio destinado a mantener en cautiverio a mujeres extranjeras que son explotadas sexualmente.<\/span><\/p>\n<p><span style=\"color: #000000;\">\u201cEste es un local donde se planifican los eventos criminales y donde se gestiona y administra la trata de personas\u00bb, anot\u00f3 el jefe del Estado Mayor General de la Polic\u00eda Nacional, tnte. gral. PNP \u00d3scar Arriola.<\/span><\/p>\n<p><span style=\"color: #000000;\">El alto mando policial tambi\u00e9n inform\u00f3 que ya se estableci\u00f3 una comunicaci\u00f3n con el superintendente nacional de Migraciones, Armando Garc\u00eda, para iniciar de inmediato con el proceso de expulsi\u00f3n de los extranjeros detenidos que se encuentran en condici\u00f3n migratoria irregular.<\/span><\/p>\n<p><span style=\"color: #000000;\">En el lugar tambi\u00e9n se incautaron cuatro pistolas, siete motocicletas, dos de las cuales habr\u00edan sido usadas en la comisi\u00f3n de hechos delictivos.<\/span><\/p>\n<p><span style=\"color: #000000;\">Tras el exitoso operativo, las 61 personas capturadas fueron puestas a disposici\u00f3n de la Divisi\u00f3n de Investigaci\u00f3n de Homicidios para las respectivas diligencias de ley.<\/span><\/p>\n<blockquote class=\"twitter-tweet\">\n<p dir=\"ltr\" lang=\"es\">\ud83d\udce2 S\u00e9ptima Fiscal\u00eda Penal de Lima Norte solicit\u00f3 18 meses de prisi\u00f3n preventiva contra 60 personas intervenidas en bar de San Mart\u00edn de Porres, por los presuntos delitos de tenencia ilegal de armas de fuego y municiones, microcomercializaci\u00f3n de drogas y banda criminal. <a href=\"https:\/\/t.co\/DT9VLQKijO\">pic.twitter.com\/DT9VLQKijO<\/a><\/p>\n<p>\u2014 Ministerio P\u00fablico (@FiscaliaPeru) <a href=\"https:\/\/twitter.com\/FiscaliaPeru\/status\/1802702786259263816?ref_src=twsrc%5Etfw\">June 17, 2024<\/a><\/p><\/blockquote>\n<p><script async src=\"https:\/\/platform.twitter.com\/widgets.js\" charset=\"utf-8\"><\/script><\/p>\n","protected":false},"excerpt":{"rendered":"<p>Lima, 17 de Junio 2024, (ANDINA).- La S\u00e9ptima Fiscal\u00eda Penal de Lima Norte solicit\u00f3 18 meses de prisi\u00f3n preventiva contra 60 personas intervenidas en un bar de San Mart\u00edn de Porres, por los presuntos delitos de tenencia ilegal de armas de fuego y municiones, microcomercializaci\u00f3n de drogas y banda criminal. A trav\u00e9s de las redes [&hellip;]<\/p>\n","protected":false},"author":1,"featured_media":122275,"comment_status":"closed","ping_status":"closed","sticky":false,"template":"","format":"standard","meta":{"rop_custom_images_group":[],"rop_custom_messages_group":[],"rop_publish_now":"initial","rop_publish_now_accounts":[],"rop_publish_now_history":[],"rop_publish_now_status":"pending","footnotes":""},"categories":[10],"tags":[163,3629],"class_list":["post-122274","post","type-post","status-publish","format-standard","has-post-thumbnail","hentry","category-actualidad-municipal","tag-poder-judicial","tag-san-martin-de-porres"],"_links":{"self":[{"href":"https:\/\/elinformanteperu.com\/index.php\/wp-json\/wp\/v2\/posts\/122274","targetHints":{"allow":["GET"]}}],"collection":[{"href":"https:\/\/elinformanteperu.com\/index.php\/wp-json\/wp\/v2\/posts"}],"about":[{"href":"https:\/\/elinformanteperu.com\/index.php\/wp-json\/wp\/v2\/types\/post"}],"author":[{"embeddable":true,"href":"https:\/\/elinformanteperu.com\/index.php\/wp-json\/wp\/v2\/users\/1"}],"replies":[{"embeddable":true,"href":"https:\/\/elinformanteperu.com\/index.php\/wp-json\/wp\/v2\/comments?post=122274"}],"version-history":[{"count":1,"href":"https:\/\/elinformanteperu.com\/index.php\/wp-json\/wp\/v2\/posts\/122274\/revisions"}],"predecessor-version":[{"id":122276,"href":"https:\/\/elinformanteperu.com\/index.php\/wp-json\/wp\/v2\/posts\/122274\/revisions\/122276"}],"wp:featuredmedia":[{"embeddable":true,"href":"https:\/\/elinformanteperu.com\/index.php\/wp-json\/wp\/v2\/media\/122275"}],"wp:attachment":[{"href":"https:\/\/elinformanteperu.com\/index.php\/wp-json\/wp\/v2\/media?parent=122274"}],"wp:term":[{"taxonomy":"category","embeddable":true,"href":"https:\/\/elinformanteperu.com\/index.php\/wp-json\/wp\/v2\/categories?post=122274"},{"taxonomy":"post_tag","embeddable":true,"href":"https:\/\/elinformanteperu.com\/index.php\/wp-json\/wp\/v2\/tags?post=122274"}],"curies":[{"name":"wp","href":"https:\/\/api.w.org\/{rel}","templated":true}]}}