{"id":122271,"date":"2024-06-18T00:28:16","date_gmt":"2024-06-18T05:28:16","guid":{"rendered":"https:\/\/elinformanteperu.com\/?p=122271"},"modified":"2024-06-18T00:28:16","modified_gmt":"2024-06-18T05:28:16","slug":"don-omar-el-rey-del-regueton-revela-que-tiene-cancer","status":"publish","type":"post","link":"https:\/\/elinformanteperu.com\/index.php\/2024\/06\/18\/don-omar-el-rey-del-regueton-revela-que-tiene-cancer\/","title":{"rendered":"Don Omar, el \u00abRey del Reguet\u00f3n\u00bb revela que tiene c\u00e1ncer"},"content":{"rendered":"<p><span style=\"color: #000000;\"><strong>Lima, 17 de Junio 2024, (ANDINA).-<\/strong> El cantante urbano puertorrique\u00f1o Don Omar, de 46 a\u00f1os, revel\u00f3 este lunes que tiene c\u00e1ncer y se mostr\u00f3 confiado en su pronta recuperaci\u00f3n.<\/span><\/p>\n<p><span style=\"color: #000000;\">\u00abHoy s\u00ed, pero ma\u00f1ana no tendr\u00e9 c\u00e1ncer. Las buenas intenciones son bien recibidas. Nos vemos pronto\u00bb, escribi\u00f3 el artista en su cuenta oficial de Instagram.<\/span><\/p>\n<p><span style=\"color: #000000;\">En la imagen publicada, Don Omar muestra su mano con el pu\u00f1o cerrado y, en su mu\u00f1eca, atado un brazalete que identifica la admisi\u00f3n en un hospital de la red Orlando Health.<\/span><\/p>\n<p><span style=\"color: #000000;\">El autor de \u00e9xitos mundiales como &#8216;Dale Don dale&#8217; y Danza kuduro&#8217; no ofreci\u00f3 detalles del tipo de c\u00e1ncer que padece ni del tratamiento que est\u00e1 recibiendo.<\/span><\/p>\n<p><span style=\"color: #000000;\">Su cuenta de Instagram, en la que tiene 11,6 millones de seguidores, se llen\u00f3 de mensajes de apoyo y de buenos deseos para su recuperaci\u00f3n.<\/span><\/p>\n<p><span style=\"color: #000000;\">William Omar Landr\u00f3n, nombre verdadero de Don Omar, autodenominado \u00abEl rey\u00bb del reguet\u00f3n, realiz\u00f3 entre los meses de marzo y abril pasados una gira por Estados Unidos y Canad\u00e1.<\/span><\/p>\n<p><span style=\"color: #000000;\">En diciembre pasado, Don Omar se reconcili\u00f3 con Daddy Yankee tras varios a\u00f1os de enemistad.<\/span><\/p>\n<p><span style=\"color: #000000;\">\u00abHoy cerramos el libro que guardaba los mejores cap\u00edtulos de nuestra controversial rivalidad. Gracias por tus palabras y por escuchar las m\u00edas que ven\u00edan del coraz\u00f3n tambi\u00e9n\u00bb, expres\u00f3 Don Omar.<\/span><\/p>\n<p><iframe title=\"YouTube video player\" src=\"https:\/\/www.youtube-nocookie.com\/embed\/lRWqYR3e7xE?si=4_cDU6dKemCo7VCr&amp;controls=0\" width=\"520\" height=\"315\" frameborder=\"0\" allowfullscreen=\"allowfullscreen\"><span data-mce-type=\"bookmark\" style=\"display: inline-block; width: 0px; overflow: hidden; line-height: 0;\" class=\"mce_SELRES_start\">\ufeff<\/span><\/iframe><\/p>\n","protected":false},"excerpt":{"rendered":"<p>Lima, 17 de Junio 2024, (ANDINA).- El cantante urbano puertorrique\u00f1o Don Omar, de 46 a\u00f1os, revel\u00f3 este lunes que tiene c\u00e1ncer y se mostr\u00f3 confiado en su pronta recuperaci\u00f3n. \u00abHoy s\u00ed, pero ma\u00f1ana no tendr\u00e9 c\u00e1ncer. Las buenas intenciones son bien recibidas. Nos vemos pronto\u00bb, escribi\u00f3 el artista en su cuenta oficial de Instagram. En [&hellip;]<\/p>\n","protected":false},"author":1,"featured_media":122272,"comment_status":"closed","ping_status":"closed","sticky":false,"template":"","format":"standard","meta":{"rop_custom_images_group":[],"rop_custom_messages_group":[],"rop_publish_now":"initial","rop_publish_now_accounts":[],"rop_publish_now_history":[],"rop_publish_now_status":"pending","footnotes":""},"categories":[5745,69],"tags":[778],"class_list":["post-122271","post","type-post","status-publish","format-standard","has-post-thumbnail","hentry","category-lo-ultimo","category-musica","tag-don-omar"],"_links":{"self":[{"href":"https:\/\/elinformanteperu.com\/index.php\/wp-json\/wp\/v2\/posts\/122271","targetHints":{"allow":["GET"]}}],"collection":[{"href":"https:\/\/elinformanteperu.com\/index.php\/wp-json\/wp\/v2\/posts"}],"about":[{"href":"https:\/\/elinformanteperu.com\/index.php\/wp-json\/wp\/v2\/types\/post"}],"author":[{"embeddable":true,"href":"https:\/\/elinformanteperu.com\/index.php\/wp-json\/wp\/v2\/users\/1"}],"replies":[{"embeddable":true,"href":"https:\/\/elinformanteperu.com\/index.php\/wp-json\/wp\/v2\/comments?post=122271"}],"version-history":[{"count":1,"href":"https:\/\/elinformanteperu.com\/index.php\/wp-json\/wp\/v2\/posts\/122271\/revisions"}],"predecessor-version":[{"id":122273,"href":"https:\/\/elinformanteperu.com\/index.php\/wp-json\/wp\/v2\/posts\/122271\/revisions\/122273"}],"wp:featuredmedia":[{"embeddable":true,"href":"https:\/\/elinformanteperu.com\/index.php\/wp-json\/wp\/v2\/media\/122272"}],"wp:attachment":[{"href":"https:\/\/elinformanteperu.com\/index.php\/wp-json\/wp\/v2\/media?parent=122271"}],"wp:term":[{"taxonomy":"category","embeddable":true,"href":"https:\/\/elinformanteperu.com\/index.php\/wp-json\/wp\/v2\/categories?post=122271"},{"taxonomy":"post_tag","embeddable":true,"href":"https:\/\/elinformanteperu.com\/index.php\/wp-json\/wp\/v2\/tags?post=122271"}],"curies":[{"name":"wp","href":"https:\/\/api.w.org\/{rel}","templated":true}]}}