{"id":122268,"date":"2024-06-18T00:24:08","date_gmt":"2024-06-18T05:24:08","guid":{"rendered":"https:\/\/elinformanteperu.com\/?p=122268"},"modified":"2024-06-18T00:24:08","modified_gmt":"2024-06-18T05:24:08","slug":"la-seleccion-peruana-viaja-hoy-a-dallas-para-enfrentar-a-chile-por-la-copa-america","status":"publish","type":"post","link":"https:\/\/elinformanteperu.com\/index.php\/2024\/06\/18\/la-seleccion-peruana-viaja-hoy-a-dallas-para-enfrentar-a-chile-por-la-copa-america\/","title":{"rendered":"La selecci\u00f3n peruana viaja hoy a Dallas para enfrentar a Chile por la Copa Am\u00e9rica"},"content":{"rendered":"<p><strong><span style=\"color: #000000;\">El conjunto nacional llega en hora de la tarde y quedar\u00e1 concentrado para el debut en el certamen continental<\/span><\/strong><\/p>\n<p><span style=\"color: #000000;\"><strong>Filadelfia, 17 de Junio 2024, (ANDINA).-<\/strong> La selecci\u00f3n peruana prosigue su entrenamiento con miras a su debut de Copa Am\u00e9rica ante Chile, el pr\u00f3ximo viernes 21 de junio, y es por ello que hoy dejar\u00e1 la ciudad de Filadelfia para viajar a Dallas, lugar del trascendental cotejo, donde quedar\u00e1 concentrada.<\/span><\/p>\n<p><span style=\"color: #000000;\">El t\u00e9cnico Jorge Fossati tuvo a disposici\u00f3n a los 26 jugadores convocados para afrontar la Copa Am\u00e9rica en su \u00faltimo entrenamiento en la ciudad de Filadelfia, donde disput\u00f3 el viernes su \u00faltimo encuentro amistoso ante El Salvador.<\/span><\/p>\n<p><span style=\"color: #000000;\">Todos los elementos fue exigidos en la parte f\u00edsica y futbol\u00edstica en busca de llegar en optimas condiciones para enfrentar a la escuadra chilena, el viernes (19:00 horas), en el el AT&amp;T Stadium. Este partido corresponde a la primera fecha del Grupo A, en el que tambi\u00e9n est\u00e1n Argentina y Canad\u00e1.<\/span><\/p>\n<p><span style=\"color: #000000;\">El plantel completo del conjunto nacional partir\u00e1 este lunes, en horas de la ma\u00f1ana, a Dallas, donde quedar\u00e1n concentrados para jugar su primer encuentro de esta Copa Am\u00e9rica. Tras viajar por siete horas, la Bicolor arribar\u00e1 a esta localidad en horas de la tarde.<\/span><\/p>\n<p><span style=\"color: #000000;\">Como se sabe, Per\u00fa llega a este partido ante los chilenos con una victoria de 1-0 ante El Salvador. Este resultado permite levantar los \u00e1nimos de una escuadra que no llega en su mejor momentos.<\/span><\/p>\n<p><span style=\"color: #000000;\">Una vez acabado el encuentro ante los chilenos, los peruanos volver\u00e1n a tomar un avi\u00f3n para que los traslade a la ciudad de Kansas, donde el martes 25 de junio enfrentar\u00e1 a Canad\u00e1, en el estadio Children\u2019s Mercy Park, por la segunda jornada del Grupo A.<\/span><\/p>\n<blockquote class=\"twitter-tweet\">\n<p dir=\"ltr\" lang=\"es\">\ud83c\udfcb\ud83c\udffd \ud835\udde9\ud835\uddee\ud835\uddfa\ud835\uddfc\ud835\ude00 \ud835\uddf0\ud835\uddfc\ud835\uddfb \ud835\ude01\ud835\uddfc\ud835\uddf1\ud835\uddfc<\/p>\n<p>Contin\u00faan los entrenamientos de <a href=\"https:\/\/twitter.com\/hashtag\/LaBicolor?src=hash&amp;ref_src=twsrc%5Etfw\">#LaBicolor<\/a> \ud83c\uddf5\ud83c\uddea con el objetivo puesto en el debut en <a href=\"https:\/\/twitter.com\/CopaAmerica?ref_src=twsrc%5Etfw\">@CopaAmerica<\/a>. <a href=\"https:\/\/twitter.com\/hashtag\/UnSentimientoQueNosUne?src=hash&amp;ref_src=twsrc%5Etfw\">#UnSentimientoQueNosUne<\/a> <a href=\"https:\/\/t.co\/cMNmCTcDp4\">pic.twitter.com\/cMNmCTcDp4<\/a><\/p>\n<p>\u2014 La Bicolor (@SeleccionPeru) <a href=\"https:\/\/twitter.com\/SeleccionPeru\/status\/1802500194535129153?ref_src=twsrc%5Etfw\">June 17, 2024<\/a><\/p><\/blockquote>\n<p><script async src=\"https:\/\/platform.twitter.com\/widgets.js\" charset=\"utf-8\"><\/script><\/p>\n","protected":false},"excerpt":{"rendered":"<p>El conjunto nacional llega en hora de la tarde y quedar\u00e1 concentrado para el debut en el certamen continental Filadelfia, 17 de Junio 2024, (ANDINA).- La selecci\u00f3n peruana prosigue su entrenamiento con miras a su debut de Copa Am\u00e9rica ante Chile, el pr\u00f3ximo viernes 21 de junio, y es por ello que hoy dejar\u00e1 la [&hellip;]<\/p>\n","protected":false},"author":1,"featured_media":122269,"comment_status":"closed","ping_status":"closed","sticky":false,"template":"","format":"standard","meta":{"rop_custom_images_group":[],"rop_custom_messages_group":[],"rop_publish_now":"initial","rop_publish_now_accounts":[],"rop_publish_now_history":[],"rop_publish_now_status":"pending","footnotes":""},"categories":[8],"tags":[7381,137],"class_list":["post-122268","post","type-post","status-publish","format-standard","has-post-thumbnail","hentry","category-disciplinas-deportivas","tag-copa-america-2024","tag-seleccion-peruana"],"_links":{"self":[{"href":"https:\/\/elinformanteperu.com\/index.php\/wp-json\/wp\/v2\/posts\/122268","targetHints":{"allow":["GET"]}}],"collection":[{"href":"https:\/\/elinformanteperu.com\/index.php\/wp-json\/wp\/v2\/posts"}],"about":[{"href":"https:\/\/elinformanteperu.com\/index.php\/wp-json\/wp\/v2\/types\/post"}],"author":[{"embeddable":true,"href":"https:\/\/elinformanteperu.com\/index.php\/wp-json\/wp\/v2\/users\/1"}],"replies":[{"embeddable":true,"href":"https:\/\/elinformanteperu.com\/index.php\/wp-json\/wp\/v2\/comments?post=122268"}],"version-history":[{"count":1,"href":"https:\/\/elinformanteperu.com\/index.php\/wp-json\/wp\/v2\/posts\/122268\/revisions"}],"predecessor-version":[{"id":122270,"href":"https:\/\/elinformanteperu.com\/index.php\/wp-json\/wp\/v2\/posts\/122268\/revisions\/122270"}],"wp:featuredmedia":[{"embeddable":true,"href":"https:\/\/elinformanteperu.com\/index.php\/wp-json\/wp\/v2\/media\/122269"}],"wp:attachment":[{"href":"https:\/\/elinformanteperu.com\/index.php\/wp-json\/wp\/v2\/media?parent=122268"}],"wp:term":[{"taxonomy":"category","embeddable":true,"href":"https:\/\/elinformanteperu.com\/index.php\/wp-json\/wp\/v2\/categories?post=122268"},{"taxonomy":"post_tag","embeddable":true,"href":"https:\/\/elinformanteperu.com\/index.php\/wp-json\/wp\/v2\/tags?post=122268"}],"curies":[{"name":"wp","href":"https:\/\/api.w.org\/{rel}","templated":true}]}}