{"id":122249,"date":"2024-06-17T23:58:16","date_gmt":"2024-06-18T04:58:16","guid":{"rendered":"https:\/\/elinformanteperu.com\/?p=122249"},"modified":"2024-06-17T23:58:16","modified_gmt":"2024-06-18T04:58:16","slug":"cafu-ve-a-brasil-favorito-para-ganar-la-copa-america-por-encima-de-argentina","status":"publish","type":"post","link":"https:\/\/elinformanteperu.com\/index.php\/2024\/06\/17\/cafu-ve-a-brasil-favorito-para-ganar-la-copa-america-por-encima-de-argentina\/","title":{"rendered":"Caf\u00fa ve a Brasil favorito para ganar la Copa Am\u00e9rica por encima de Argentina"},"content":{"rendered":"<p><strong><span style=\"color: #000000;\">El exlateral de la selecci\u00f3n brasile\u00f1a dice que ser\u00e1 muy importante la actuaci\u00f3n de Vinicius J\u00fanior<\/span><\/strong><\/p>\n<p><span style=\"color: #000000;\"><strong>Sao Paulo, 17 de Junio 2024, (ANDINA).-<\/strong> El excapit\u00e1n de la selecci\u00f3n brasile\u00f1a Marcos Evangelista de Moraes &#8216;Caf\u00fa&#8217; se muestra optimista con la actuaci\u00f3n que puede tener la Canarinha en la Copa Am\u00e9rica que comienza el pr\u00f3ximo jueves en Estados Unidos e, incluso, considera al conjunto de Dorival Junior m\u00e1s favorito que la propia Argentina, vigente campeona.<\/span><\/p>\n<p><span style=\"color: #000000;\">\u00abEn esta Copa Am\u00e9rica, se le espera plenamente. Brasil, donde llega, llega para ser campe\u00f3n. La expectativa es que Brasil sea uno de los protagonistas de la Copa Am\u00e9rica, con plenas condiciones para ganar esta Copa Am\u00e9rica. Argentina es el \u00faltimo campe\u00f3n del mundo, por eso es uno de los favoritos, pero hoy veo a Brasil a\u00fan m\u00e1s favorito que Argentina para ganar esta Copa Am\u00e9rica\u00bb, dijo a EFE en conversaci\u00f3n desde R\u00edo de Janeiro.<\/span><\/p>\n<p><span style=\"color: #000000;\">En ese sentido, Caf\u00fa, campe\u00f3n de la Copa Am\u00e9rica en Bolivia 1997 y Paraguay 1999, considera que ser\u00e1 muy importante la actuaci\u00f3n del delantero del Real Madrid Vinicius, a quien considera el l\u00edder de la selecci\u00f3n que dirige Dorival Junior. \u00abVeo a Vin\u00edcius J\u00fanior como uno de los jugadores clave que tiene que asumir la responsabilidad de la selecci\u00f3n brasile\u00f1a en la actualidad. Lo veo ya en ese papel de l\u00edder\u00bb, resalt\u00f3.<\/span><\/p>\n<p><span style=\"color: #000000;\">El exlateral derecho se declara admirador de Leo Messi y conf\u00eda en que la final de Miami, el 14 de julio, enfrente a las dos potencias del continente.<\/span><\/p>\n<p><span style=\"color: #000000;\">\u00abSomos fans del maestro (Messi), \u00bfno? Lo somos. Somos fans de los grandes jugadores, aunque seamos brasile\u00f1os. Ver jugar al maestro es fant\u00e1stico, aunque est\u00e9 en Estados Unidos, est\u00e1 acostumbrado, est\u00e1 en su h\u00e1bitat natural jugando al f\u00fatbol. Va a ser genial ver a Argentina jugando, tal vez en una final contra Brasil. La gente va a esta Copa Am\u00e9rica para ver a estas potencias mundiales del f\u00fatbol juntas de nuevo\u00bb, a\u00f1adi\u00f3.<\/span><\/p>\n<p><a href=\"https:\/\/elinformanteperu.com\/wp-content\/uploads\/2022\/06\/brasil-corea.jpg\"><img fetchpriority=\"high\" decoding=\"async\" class=\"size-large wp-image-115129 aligncenter\" src=\"https:\/\/elinformanteperu.com\/wp-content\/uploads\/2022\/06\/brasil-corea-1024x683.jpg\" alt=\"\" width=\"615\" height=\"410\" srcset=\"https:\/\/elinformanteperu.com\/wp-content\/uploads\/2022\/06\/brasil-corea-1024x683.jpg 1024w, https:\/\/elinformanteperu.com\/wp-content\/uploads\/2022\/06\/brasil-corea-300x200.jpg 300w, https:\/\/elinformanteperu.com\/wp-content\/uploads\/2022\/06\/brasil-corea-768x512.jpg 768w, https:\/\/elinformanteperu.com\/wp-content\/uploads\/2022\/06\/brasil-corea-1536x1024.jpg 1536w, https:\/\/elinformanteperu.com\/wp-content\/uploads\/2022\/06\/brasil-corea.jpg 1800w\" sizes=\"(max-width: 615px) 100vw, 615px\" \/><\/a><\/p>\n","protected":false},"excerpt":{"rendered":"<p>El exlateral de la selecci\u00f3n brasile\u00f1a dice que ser\u00e1 muy importante la actuaci\u00f3n de Vinicius J\u00fanior Sao Paulo, 17 de Junio 2024, (ANDINA).- El excapit\u00e1n de la selecci\u00f3n brasile\u00f1a Marcos Evangelista de Moraes &#8216;Caf\u00fa&#8217; se muestra optimista con la actuaci\u00f3n que puede tener la Canarinha en la Copa Am\u00e9rica que comienza el pr\u00f3ximo jueves en [&hellip;]<\/p>\n","protected":false},"author":1,"featured_media":122250,"comment_status":"closed","ping_status":"closed","sticky":false,"template":"","format":"standard","meta":{"rop_custom_images_group":[],"rop_custom_messages_group":[],"rop_publish_now":"initial","rop_publish_now_accounts":[],"rop_publish_now_history":[],"rop_publish_now_status":"pending","footnotes":""},"categories":[8],"tags":[139,7381],"class_list":["post-122249","post","type-post","status-publish","format-standard","has-post-thumbnail","hentry","category-disciplinas-deportivas","tag-cafu","tag-copa-america-2024"],"_links":{"self":[{"href":"https:\/\/elinformanteperu.com\/index.php\/wp-json\/wp\/v2\/posts\/122249","targetHints":{"allow":["GET"]}}],"collection":[{"href":"https:\/\/elinformanteperu.com\/index.php\/wp-json\/wp\/v2\/posts"}],"about":[{"href":"https:\/\/elinformanteperu.com\/index.php\/wp-json\/wp\/v2\/types\/post"}],"author":[{"embeddable":true,"href":"https:\/\/elinformanteperu.com\/index.php\/wp-json\/wp\/v2\/users\/1"}],"replies":[{"embeddable":true,"href":"https:\/\/elinformanteperu.com\/index.php\/wp-json\/wp\/v2\/comments?post=122249"}],"version-history":[{"count":1,"href":"https:\/\/elinformanteperu.com\/index.php\/wp-json\/wp\/v2\/posts\/122249\/revisions"}],"predecessor-version":[{"id":122251,"href":"https:\/\/elinformanteperu.com\/index.php\/wp-json\/wp\/v2\/posts\/122249\/revisions\/122251"}],"wp:featuredmedia":[{"embeddable":true,"href":"https:\/\/elinformanteperu.com\/index.php\/wp-json\/wp\/v2\/media\/122250"}],"wp:attachment":[{"href":"https:\/\/elinformanteperu.com\/index.php\/wp-json\/wp\/v2\/media?parent=122249"}],"wp:term":[{"taxonomy":"category","embeddable":true,"href":"https:\/\/elinformanteperu.com\/index.php\/wp-json\/wp\/v2\/categories?post=122249"},{"taxonomy":"post_tag","embeddable":true,"href":"https:\/\/elinformanteperu.com\/index.php\/wp-json\/wp\/v2\/tags?post=122249"}],"curies":[{"name":"wp","href":"https:\/\/api.w.org\/{rel}","templated":true}]}}