{"id":122148,"date":"2024-06-15T12:12:19","date_gmt":"2024-06-15T17:12:19","guid":{"rendered":"https:\/\/elinformanteperu.com\/?p=122148"},"modified":"2024-06-15T12:12:19","modified_gmt":"2024-06-15T17:12:19","slug":"dia-del-padre-ministerio-de-cultura-custodia-bienes-que-rinden-homenaje-al-vinculo-paternal","status":"publish","type":"post","link":"https:\/\/elinformanteperu.com\/index.php\/2024\/06\/15\/dia-del-padre-ministerio-de-cultura-custodia-bienes-que-rinden-homenaje-al-vinculo-paternal\/","title":{"rendered":"D\u00eda del Padre: Ministerio de Cultura custodia bienes que rinden homenaje al v\u00ednculo paternal"},"content":{"rendered":"<p><strong><span style=\"color: #000000;\">\u2022 Se encuentran en el Museo de la Cultura Peruana. Se trata de esculturas y un retablo que retrata la relaci\u00f3n entre San Jos\u00e9 y el ni\u00f1o Jes\u00fas, que son parte de la colecci\u00f3n que destaca el amor incondicional entre un padre y su hijo.<\/span><\/strong><\/p>\n<p><span style=\"color: #000000;\"><strong>Lima, 15 de Junio 2024, (El Informante Per\u00fa).-<\/strong> Con motivo de la celebraci\u00f3n del D\u00eda del Padre, una fecha que nos da la oportunidad de reconocer y agradecer la dedicaci\u00f3n y el amor incondicional de los padres, el Museo Nacional de Cultura Peruana del Ministerio de Cultura, presenta una selecci\u00f3n especial de bienes culturales muebles peruanos que homenajean, a trav\u00e9s de su historia, el v\u00ednculo paternal.<\/span><\/p>\n<p><span style=\"color: #000000;\">Es as\u00ed que, encontramos un retablo ayacuchano port\u00e1til con San Jos\u00e9 como protagonista que data del siglo XX. Este bien de autor an\u00f3nimo, que est\u00e1 elaborado en madera y pasta, con t\u00e9cnicas mixtas de manufactura, policromado y barnizado, presenta una escena conmovedora de San Jos\u00e9 sosteniendo al Ni\u00f1o Jes\u00fas, rodeado de s\u00edmbolos de devoci\u00f3n y amor paternal.<\/span><\/p>\n<p><span style=\"color: #000000;\">Tambi\u00e9n figura una escultura de maguey de \u201cSan Jos\u00e9 y Ni\u00f1o\u201d, de autor an\u00f3nimo, que fue manufacturada en Cusco en el siglo XX. La obra representa a San Jos\u00e9 de pie, sosteniendo con su mano derecha al Ni\u00f1o Jes\u00fas. Mientras San Jos\u00e9 luce cabello largo, bigote y barba, una t\u00fanica rosada y una capa roja con motivos circulares blancos, el ni\u00f1o Jes\u00fas lleva una t\u00fanica rosada con cuello amarillo y ambos est\u00e1n coronados.<\/span><\/p>\n<p><a href=\"https:\/\/elinformanteperu.com\/wp-content\/uploads\/2024\/06\/Museo-Nacional-de-Cultura-Peruana1.jpg\"><img fetchpriority=\"high\" decoding=\"async\" class=\" wp-image-122150 aligncenter\" src=\"https:\/\/elinformanteperu.com\/wp-content\/uploads\/2024\/06\/Museo-Nacional-de-Cultura-Peruana1.jpg\" alt=\"\" width=\"304\" height=\"402\" srcset=\"https:\/\/elinformanteperu.com\/wp-content\/uploads\/2024\/06\/Museo-Nacional-de-Cultura-Peruana1.jpg 393w, https:\/\/elinformanteperu.com\/wp-content\/uploads\/2024\/06\/Museo-Nacional-de-Cultura-Peruana1-227x300.jpg 227w\" sizes=\"(max-width: 304px) 100vw, 304px\" \/><\/a><span style=\"color: #000000;\">Asimismo, el Museo custodia una escultura de piedra de Huamanga de \u201cSan Jos\u00e9 y Ni\u00f1o\u201d, tambi\u00e9n de autor an\u00f3nimo y manufacturada en Ayacucho en el siglo XX, que muestra a San Jos\u00e9 de pie sobre un pedestal, sosteniendo al Ni\u00f1o Jes\u00fas en el brazo izquierdo y llevando azucenas en la mano derecha. El Ni\u00f1o Jes\u00fas lleva una t\u00fanica granate, alza la mano derecha en actitud de bendecir y sostiene un globo terr\u00e1queo en su mano izquierda.<\/span><\/p>\n<p><span style=\"color: #000000;\">Ubicado en el Cercado de Lima (Av. Alfonso Ugarte N.\u00ba 650, Lima, Per\u00fa), el Museo Nacional de la Cultura Peruana posee la m\u00e1s importante colecci\u00f3n p\u00fablica de las artes populares y tradicionales que expresa las diversas regiones del pa\u00eds, que se caracterizan por su trayectoria hist\u00f3rica y su singularidad art\u00edstica, como mates, keros, pintura, imaginer\u00eda, retablos, piedra de Huamanga, plater\u00eda, cer\u00e1mica, entre otras.<\/span><\/p>\n<p><span style=\"color: #000000;\">Puede visitarse de lunes a s\u00e1bado de 9:30 a. m. a 4:30 p. m. y el precio de la entrada para adultos es de S\/6, para estudiantes de estudio superior S\/3; mientras que los ni\u00f1os y adolescentes, hasta 17 a\u00f1os, entran gratis.<\/span><\/p>\n<p><span style=\"color: #000000;\">Este D\u00eda del Padre, celebremos el amor paternal a trav\u00e9s de estos valiosos bienes que plasman la relaci\u00f3n de amor, cuidado y compa\u00f1\u00eda entre un padre y un hijo. Desde el Ministerio de Cultura, los invitamos a celebrar a todos los padres, abuelos y figuras paternas que cumplen este gran rol.<\/span><\/p>\n<p><a href=\"https:\/\/elinformanteperu.com\/wp-content\/uploads\/2024\/06\/Museo-Nacional-de-Cultura-Peruana2.jpg\"><img decoding=\"async\" class=\" wp-image-122151 aligncenter\" src=\"https:\/\/elinformanteperu.com\/wp-content\/uploads\/2024\/06\/Museo-Nacional-de-Cultura-Peruana2.jpg\" alt=\"\" width=\"180\" height=\"485\" srcset=\"https:\/\/elinformanteperu.com\/wp-content\/uploads\/2024\/06\/Museo-Nacional-de-Cultura-Peruana2.jpg 195w, https:\/\/elinformanteperu.com\/wp-content\/uploads\/2024\/06\/Museo-Nacional-de-Cultura-Peruana2-111x300.jpg 111w\" sizes=\"(max-width: 180px) 100vw, 180px\" \/><\/a><\/p>\n","protected":false},"excerpt":{"rendered":"<p>\u2022 Se encuentran en el Museo de la Cultura Peruana. Se trata de esculturas y un retablo que retrata la relaci\u00f3n entre San Jos\u00e9 y el ni\u00f1o Jes\u00fas, que son parte de la colecci\u00f3n que destaca el amor incondicional entre un padre y su hijo. Lima, 15 de Junio 2024, (El Informante Per\u00fa).- Con motivo [&hellip;]<\/p>\n","protected":false},"author":1,"featured_media":122149,"comment_status":"closed","ping_status":"closed","sticky":false,"template":"","format":"standard","meta":{"rop_custom_images_group":[],"rop_custom_messages_group":[],"rop_publish_now":"initial","rop_publish_now_accounts":[],"rop_publish_now_history":[],"rop_publish_now_status":"pending","footnotes":""},"categories":[10],"tags":[6586,105],"class_list":["post-122148","post","type-post","status-publish","format-standard","has-post-thumbnail","hentry","category-actualidad-municipal","tag-dia-del-padre","tag-ministerio-de-cultura"],"_links":{"self":[{"href":"https:\/\/elinformanteperu.com\/index.php\/wp-json\/wp\/v2\/posts\/122148","targetHints":{"allow":["GET"]}}],"collection":[{"href":"https:\/\/elinformanteperu.com\/index.php\/wp-json\/wp\/v2\/posts"}],"about":[{"href":"https:\/\/elinformanteperu.com\/index.php\/wp-json\/wp\/v2\/types\/post"}],"author":[{"embeddable":true,"href":"https:\/\/elinformanteperu.com\/index.php\/wp-json\/wp\/v2\/users\/1"}],"replies":[{"embeddable":true,"href":"https:\/\/elinformanteperu.com\/index.php\/wp-json\/wp\/v2\/comments?post=122148"}],"version-history":[{"count":1,"href":"https:\/\/elinformanteperu.com\/index.php\/wp-json\/wp\/v2\/posts\/122148\/revisions"}],"predecessor-version":[{"id":122152,"href":"https:\/\/elinformanteperu.com\/index.php\/wp-json\/wp\/v2\/posts\/122148\/revisions\/122152"}],"wp:featuredmedia":[{"embeddable":true,"href":"https:\/\/elinformanteperu.com\/index.php\/wp-json\/wp\/v2\/media\/122149"}],"wp:attachment":[{"href":"https:\/\/elinformanteperu.com\/index.php\/wp-json\/wp\/v2\/media?parent=122148"}],"wp:term":[{"taxonomy":"category","embeddable":true,"href":"https:\/\/elinformanteperu.com\/index.php\/wp-json\/wp\/v2\/categories?post=122148"},{"taxonomy":"post_tag","embeddable":true,"href":"https:\/\/elinformanteperu.com\/index.php\/wp-json\/wp\/v2\/tags?post=122148"}],"curies":[{"name":"wp","href":"https:\/\/api.w.org\/{rel}","templated":true}]}}