{"id":122124,"date":"2024-06-12T22:00:19","date_gmt":"2024-06-13T03:00:19","guid":{"rendered":"https:\/\/elinformanteperu.com\/?p=122124"},"modified":"2024-06-12T22:00:19","modified_gmt":"2024-06-13T03:00:19","slug":"aclaran-que-fajas-de-equipajes-de-aeropuerto-jorge-chavez-funcionan-con-normalidad","status":"publish","type":"post","link":"https:\/\/elinformanteperu.com\/index.php\/2024\/06\/12\/aclaran-que-fajas-de-equipajes-de-aeropuerto-jorge-chavez-funcionan-con-normalidad\/","title":{"rendered":"Aclaran que fajas de equipajes de aeropuerto Jorge Ch\u00e1vez funcionan con normalidad"},"content":{"rendered":"<p><strong><span style=\"color: #000000;\">Concesionaria LAP se\u00f1ala que en d\u00edas previos hubo un desperfecto en una de las fajas, pero ya se solucion\u00f3<\/span><\/strong><\/p>\n<p><span style=\"color: #000000;\"><strong>Lima, 12 de Junio 2024, (ANDINA).-<\/strong> Lima Airport Partners (LAP) aclar\u00f3 hoy que el sistema de fajas de equipajes del aeropuerto internacional Jorge Ch\u00e1vez funciona con normalidad y que el desperfecto difundido v\u00eda redes sociales ocurri\u00f3 d\u00edas atr\u00e1s y ya ha sido solucionado.<\/span><\/p>\n<p><span style=\"color: #000000;\">Mediante un comunicado, la empresa concesionaria del aeropuerto indic\u00f3 que el incidente presentado no caus\u00f3 ninguna afectaci\u00f3n a la operaci\u00f3n, ya que se tomaron las medidas correctivas inmediatamente.<\/span><\/p>\n<p><span style=\"color: #000000;\">\u00abEl desperfecto en una de las fajas, visto en redes y reportado por algunos medios de comunicaci\u00f3n, ocurri\u00f3 en d\u00edas previos y fue r\u00e1pidamente solucionado por el equipo t\u00e9cnico, a cargo del servicio\u00bb, se\u00f1ala la nota.<\/span><\/p>\n<p><span style=\"color: #000000;\">Finalmente, el comunicado refiere que LAP trabaja en los procesos de la operaci\u00f3n para ofrecer un mejor servicio a los pasajeros del primer terminal a\u00e9reo del Per\u00fa.<\/span><\/p>\n<p><a href=\"https:\/\/elinformanteperu.com\/wp-content\/uploads\/2022\/06\/aeropuerto22.jpg\"><img fetchpriority=\"high\" decoding=\"async\" class=\"size-large wp-image-115549 aligncenter\" src=\"https:\/\/elinformanteperu.com\/wp-content\/uploads\/2022\/06\/aeropuerto22-1024x683.jpg\" alt=\"\" width=\"615\" height=\"410\" srcset=\"https:\/\/elinformanteperu.com\/wp-content\/uploads\/2022\/06\/aeropuerto22-1024x683.jpg 1024w, https:\/\/elinformanteperu.com\/wp-content\/uploads\/2022\/06\/aeropuerto22-300x200.jpg 300w, https:\/\/elinformanteperu.com\/wp-content\/uploads\/2022\/06\/aeropuerto22-768x512.jpg 768w, https:\/\/elinformanteperu.com\/wp-content\/uploads\/2022\/06\/aeropuerto22-1536x1024.jpg 1536w, https:\/\/elinformanteperu.com\/wp-content\/uploads\/2022\/06\/aeropuerto22.jpg 1800w\" sizes=\"(max-width: 615px) 100vw, 615px\" \/><\/a><\/p>\n","protected":false},"excerpt":{"rendered":"<p>Concesionaria LAP se\u00f1ala que en d\u00edas previos hubo un desperfecto en una de las fajas, pero ya se solucion\u00f3 Lima, 12 de Junio 2024, (ANDINA).- Lima Airport Partners (LAP) aclar\u00f3 hoy que el sistema de fajas de equipajes del aeropuerto internacional Jorge Ch\u00e1vez funciona con normalidad y que el desperfecto difundido v\u00eda redes sociales ocurri\u00f3 [&hellip;]<\/p>\n","protected":false},"author":1,"featured_media":122125,"comment_status":"closed","ping_status":"closed","sticky":false,"template":"","format":"standard","meta":{"rop_custom_images_group":[],"rop_custom_messages_group":[],"rop_publish_now":"initial","rop_publish_now_accounts":[],"rop_publish_now_history":[],"rop_publish_now_status":"pending","footnotes":""},"categories":[10],"tags":[3244,5742,620],"class_list":["post-122124","post","type-post","status-publish","format-standard","has-post-thumbnail","hentry","category-actualidad-municipal","tag-aeropuerto-internacional-jorge-chavez","tag-lap","tag-lima-airport-partners"],"_links":{"self":[{"href":"https:\/\/elinformanteperu.com\/index.php\/wp-json\/wp\/v2\/posts\/122124","targetHints":{"allow":["GET"]}}],"collection":[{"href":"https:\/\/elinformanteperu.com\/index.php\/wp-json\/wp\/v2\/posts"}],"about":[{"href":"https:\/\/elinformanteperu.com\/index.php\/wp-json\/wp\/v2\/types\/post"}],"author":[{"embeddable":true,"href":"https:\/\/elinformanteperu.com\/index.php\/wp-json\/wp\/v2\/users\/1"}],"replies":[{"embeddable":true,"href":"https:\/\/elinformanteperu.com\/index.php\/wp-json\/wp\/v2\/comments?post=122124"}],"version-history":[{"count":1,"href":"https:\/\/elinformanteperu.com\/index.php\/wp-json\/wp\/v2\/posts\/122124\/revisions"}],"predecessor-version":[{"id":122126,"href":"https:\/\/elinformanteperu.com\/index.php\/wp-json\/wp\/v2\/posts\/122124\/revisions\/122126"}],"wp:featuredmedia":[{"embeddable":true,"href":"https:\/\/elinformanteperu.com\/index.php\/wp-json\/wp\/v2\/media\/122125"}],"wp:attachment":[{"href":"https:\/\/elinformanteperu.com\/index.php\/wp-json\/wp\/v2\/media?parent=122124"}],"wp:term":[{"taxonomy":"category","embeddable":true,"href":"https:\/\/elinformanteperu.com\/index.php\/wp-json\/wp\/v2\/categories?post=122124"},{"taxonomy":"post_tag","embeddable":true,"href":"https:\/\/elinformanteperu.com\/index.php\/wp-json\/wp\/v2\/tags?post=122124"}],"curies":[{"name":"wp","href":"https:\/\/api.w.org\/{rel}","templated":true}]}}