{"id":122091,"date":"2024-06-11T21:50:36","date_gmt":"2024-06-12T02:50:36","guid":{"rendered":"https:\/\/elinformanteperu.com\/?p=122091"},"modified":"2024-06-11T21:50:36","modified_gmt":"2024-06-12T02:50:36","slug":"atu-programa-a-tu-cole-en-bici-promovio-uso-de-bicicleta-como-movilidad-sostenible-en-28-instituciones-educativas-publicas","status":"publish","type":"post","link":"https:\/\/elinformanteperu.com\/index.php\/2024\/06\/11\/atu-programa-a-tu-cole-en-bici-promovio-uso-de-bicicleta-como-movilidad-sostenible-en-28-instituciones-educativas-publicas\/","title":{"rendered":"ATU: Programa \u201cA tu cole en bici\u201d promovi\u00f3 uso de bicicleta como movilidad sostenible en 28 instituciones educativas p\u00fablicas"},"content":{"rendered":"<p><strong><span style=\"color: #000000;\">M\u00e1s de 14000 escolares y 1000 docentes fueron capacitados en temas como el uso responsable de la bicicleta, seguridad vial en el entorno escolar, entre otros temas.<\/span><\/strong><\/p>\n<p><span style=\"color: #000000;\"><strong>Lima, 11 de Junio 2024, (El Informante Per\u00fa).-<\/strong> La Autoridad de Transporte Urbano para Lima y Callao (ATU) inform\u00f3 que, a trav\u00e9s de su programa \u201cA tu cole en bici\u201d, promovi\u00f3 el uso de la bicicleta como movilidad sostenible en 28 instituciones educativas p\u00fablicas, en las que brind\u00f3 una serie de capacitaciones a estudiantes y docentes sobre la importancia y beneficios de este medio de transporte. <\/span><\/p>\n<p><span style=\"color: #000000;\">La entidad precis\u00f3 que fueron capacitados 9056 estudiantes de educaci\u00f3n primaria, 5323 de educaci\u00f3n secundaria y 1088 docentes, adem\u00e1s de 142 padres y madres de familia y tutores, as\u00ed como 422 representantes de entidades p\u00fablicas y privadas y de la sociedad civil, en aspectos de movilidad sostenible, convivencia vial, seguridad vial en el entorno escolar, mec\u00e1nica y uso responsable y seguro de la bicicleta, entre otros temas. <\/span><\/p>\n<p><span style=\"color: #000000;\">Este 2024, especialistas de la entidad vienen implementando m\u00e1s planes de capacitaci\u00f3n en las instituciones educativas ubicadas en diferentes distritos de Lima y Callao en las que tambi\u00e9n participan madres y padres de familia, as\u00ed como directivos de las instituciones. <\/span><\/p>\n<p><span style=\"color: #000000;\">\u201cEstamos trabajando para que los entornos escolares a largo plazo tengan la posibilidad de tener una movilidad sostenible m\u00e1s arm\u00f3nica, m\u00e1s segura y, sobre todo, m\u00e1s responsable desde todos los actores que est\u00e1n en la ciudad\u201d, se\u00f1al\u00f3 la ATU. <\/span><\/p>\n<p><span style=\"color: #000000;\">Como parte de este programa, la ATU, con el apoyo de la empresa privada, ha entregado 45 bicicletas en nueve instituciones educativas p\u00fablicas. De igual forma, se ha instalado un cicloparqueadero en la instituci\u00f3n educativa Nacional Callao.<\/span><\/p>\n<p><span style=\"color: #000000;\">Tambi\u00e9n se han realizado dos bicicleteadas escolares en las instituciones educativas Alfonso Ugarte y Melit\u00f3n Carvajal, en alianza con el gobierno local, la Polic\u00eda Nacional y las entidades del estado presentes en el distrito, y se han promovido ferias informativas sobre los derechos y responsabilidades de los ciclistas.<\/span><\/p>\n<p><span style=\"color: #000000;\">El programa \u00abA tu cole en bici\u00bb es una iniciativa de la ATU con enfoque ciclo inclusivo y sostenible, dirigido principalmente a estudiantes, promoviendo el transporte intermodal en Lima y Callao para una sustentabilidad medio ambiental.<\/span><\/p>\n<p><a href=\"https:\/\/elinformanteperu.com\/wp-content\/uploads\/2024\/06\/atu-a-tu-cole-en-bici1.jpg\"><img fetchpriority=\"high\" decoding=\"async\" class=\"size-full wp-image-122093 aligncenter\" src=\"https:\/\/elinformanteperu.com\/wp-content\/uploads\/2024\/06\/atu-a-tu-cole-en-bici1.jpg\" alt=\"\" width=\"660\" height=\"390\" srcset=\"https:\/\/elinformanteperu.com\/wp-content\/uploads\/2024\/06\/atu-a-tu-cole-en-bici1.jpg 660w, https:\/\/elinformanteperu.com\/wp-content\/uploads\/2024\/06\/atu-a-tu-cole-en-bici1-300x177.jpg 300w\" sizes=\"(max-width: 660px) 100vw, 660px\" \/><\/a><\/p>\n","protected":false},"excerpt":{"rendered":"<p>M\u00e1s de 14000 escolares y 1000 docentes fueron capacitados en temas como el uso responsable de la bicicleta, seguridad vial en el entorno escolar, entre otros temas. Lima, 11 de Junio 2024, (El Informante Per\u00fa).- La Autoridad de Transporte Urbano para Lima y Callao (ATU) inform\u00f3 que, a trav\u00e9s de su programa \u201cA tu cole [&hellip;]<\/p>\n","protected":false},"author":1,"featured_media":122092,"comment_status":"closed","ping_status":"closed","sticky":false,"template":"","format":"standard","meta":{"rop_custom_images_group":[],"rop_custom_messages_group":[],"rop_publish_now":"initial","rop_publish_now_accounts":[],"rop_publish_now_history":[],"rop_publish_now_status":"pending","footnotes":""},"categories":[10],"tags":[],"class_list":["post-122091","post","type-post","status-publish","format-standard","has-post-thumbnail","hentry","category-actualidad-municipal"],"_links":{"self":[{"href":"https:\/\/elinformanteperu.com\/index.php\/wp-json\/wp\/v2\/posts\/122091","targetHints":{"allow":["GET"]}}],"collection":[{"href":"https:\/\/elinformanteperu.com\/index.php\/wp-json\/wp\/v2\/posts"}],"about":[{"href":"https:\/\/elinformanteperu.com\/index.php\/wp-json\/wp\/v2\/types\/post"}],"author":[{"embeddable":true,"href":"https:\/\/elinformanteperu.com\/index.php\/wp-json\/wp\/v2\/users\/1"}],"replies":[{"embeddable":true,"href":"https:\/\/elinformanteperu.com\/index.php\/wp-json\/wp\/v2\/comments?post=122091"}],"version-history":[{"count":1,"href":"https:\/\/elinformanteperu.com\/index.php\/wp-json\/wp\/v2\/posts\/122091\/revisions"}],"predecessor-version":[{"id":122094,"href":"https:\/\/elinformanteperu.com\/index.php\/wp-json\/wp\/v2\/posts\/122091\/revisions\/122094"}],"wp:featuredmedia":[{"embeddable":true,"href":"https:\/\/elinformanteperu.com\/index.php\/wp-json\/wp\/v2\/media\/122092"}],"wp:attachment":[{"href":"https:\/\/elinformanteperu.com\/index.php\/wp-json\/wp\/v2\/media?parent=122091"}],"wp:term":[{"taxonomy":"category","embeddable":true,"href":"https:\/\/elinformanteperu.com\/index.php\/wp-json\/wp\/v2\/categories?post=122091"},{"taxonomy":"post_tag","embeddable":true,"href":"https:\/\/elinformanteperu.com\/index.php\/wp-json\/wp\/v2\/tags?post=122091"}],"curies":[{"name":"wp","href":"https:\/\/api.w.org\/{rel}","templated":true}]}}