{"id":122088,"date":"2024-06-11T21:40:37","date_gmt":"2024-06-12T02:40:37","guid":{"rendered":"https:\/\/elinformanteperu.com\/?p=122088"},"modified":"2024-06-11T21:40:37","modified_gmt":"2024-06-12T02:40:37","slug":"por-que-la-anorexia-y-la-bulimia-se-presentan-en-mas-jovenes","status":"publish","type":"post","link":"https:\/\/elinformanteperu.com\/index.php\/2024\/06\/11\/por-que-la-anorexia-y-la-bulimia-se-presentan-en-mas-jovenes\/","title":{"rendered":"\u00bfPor qu\u00e9 la anorexia y la bulimia se presentan en m\u00e1s j\u00f3venes?"},"content":{"rendered":"<p><strong><span style=\"color: #000000;\">Cuestionar la comida de casa y hacer mucha dieta pueden ser se\u00f1ales de estos problemas<\/span><\/strong><\/p>\n<p><span style=\"color: #000000;\"><strong>Lima, 11 de Junio 2024, (ANDINA).-<\/strong> Cada vez es m\u00e1s com\u00fan observar que los ni\u00f1os, ni\u00f1as y adolescentes est\u00e1n expuestos a im\u00e1genes de mujeres y hombres con cuerpos \u00abperfectos y hermosos\u00bb. Esta exposici\u00f3n est\u00e1 afectando sus emociones, al punto de provocar trastornos en su conducta alimentaria.<\/span><\/p>\n<p><span style=\"color: #000000;\">Los trastornos de la alimentaci\u00f3n m\u00e1s frecuentes son la anorexia y la bulimia, que ya est\u00e1n afectando a menores de edad, sobre todo a las mujeres. Seg\u00fan la psic\u00f3loga y coordinadora de GABA, Diana Pacheco, el 95% de los pacientes que tiene estos problemas son mujeres.<\/span><\/p>\n<p><span style=\"color: #000000;\">\u00abLas mujeres siempre est\u00e1n m\u00e1s expuestas a la presi\u00f3n de ser s\u00edmbolo de la belleza. Antes, el cuerpo rollizo era sin\u00f3nimo de salud. Hoy en d\u00eda no. Todo ha cambiado, existe un af\u00e1n perfeccionista, hombres y mujeres piden como regalo en su cumplea\u00f1os una cirug\u00eda pl\u00e1stica\u00bb, explic\u00f3 en Andina canal online.<\/span><\/p>\n<p><span style=\"color: #000000;\">La especialista manifest\u00f3 que, si bien la anorexia y la bulimia aparecen por diferentes razones, la creencia a\u00fan vigente de que las mujeres son fuentes de perfecci\u00f3n y belleza es la m\u00e1s preponderante.<\/span><\/p>\n<p><span style=\"color: #000000;\">Tambi\u00e9n mencion\u00f3 como causas la presencia de enfermedades gen\u00e9ticas o psicol\u00f3gicas, como trastornos obsesivo-compulsivos o bipolaridad, entre otras.<\/span><\/p>\n<p><span style=\"color: #000000;\">Sin embargo, el factor sociocultural es el que impacta m\u00e1s en ni\u00f1os, ni\u00f1as y adolescentes, debido a las redes sociales, donde se difunden modelos de cuerpos perfectos.<\/span><\/p>\n<p><span style=\"color: #000000;\">\u00abLos chicos est\u00e1n entendiendo que quien es extremadamente delgado, es m\u00e1s querido y reconocido, y por eso ser\u00e1n m\u00e1s aceptados en su grupo social\u00bb, precis\u00f3 la coordinadora del Grupo de Apoyo en Bulimia y Anorexia.<\/span><\/p>\n<p><strong><span style=\"color: #000000;\">Miedo a la cr\u00edtica<\/span><\/strong><\/p>\n<p><span style=\"color: #000000;\">Es muy com\u00fan ver en la consulta, afirm\u00f3 la psic\u00f3loga, que los menores que tienen miedo a la cr\u00edtica social, son intolerantes a las burlas, tienen af\u00e1n perfeccionista y de control, y buscan agradar a los dem\u00e1s, est\u00e1n m\u00e1s predispuestos a tener anorexia y bulimia.<\/span><\/p>\n<p><span style=\"color: #000000;\">\u00abEmpiezan con anorexia nerviosa restrictiva y van perdiendo peso cada vez m\u00e1s y m\u00e1s. Hasta pueden consumir grandes cantidades de agua.\u00bb<\/span><\/p>\n<p><strong><span style=\"color: #000000;\">Se\u00f1ales de alerta<\/span><\/strong><\/p>\n<p><span style=\"color: #000000;\">Sus estados de \u00e1nimo son muy cambiantes, siempre cuestionan la comida que elaboran en su casa, hacen sus propias dietas, dejan de comer alimentos de alto valor cal\u00f3rico o de la llamada comida chatarra que tanto les gustaba en la infancia, para comenzar a controlar las calor\u00edas que consumen, comer a determinadas horas e inducirse al v\u00f3mito.<\/span><\/p>\n<p><span style=\"color: #000000;\">\u00abQuienes hoy tienen anorexia y bulimia no solo tienen un problema de peso, cuerpo y comida, sobre todo tienen problemas de autoestima, de estabilidad de sus emociones y de capacidad para enfrentar las dificultades que se les presentan en la vida. El trastorno de conducta alimentaria es la punta del iceberg.\u00bb<\/span><\/p>\n<p><strong><span style=\"color: #000000;\">\u00bfQu\u00e9 pueden hacer los padres de familia?<\/span><\/strong><\/p>\n<p><span style=\"color: #000000;\">Pacheco sostiene que los padres de familia tienen que saber, para empezar, que no es normal que los ni\u00f1os, ni\u00f1as y adolescentes se obsesionen con su dieta.<\/span><\/p>\n<p><span style=\"color: #000000;\">Tambi\u00e9n es recomendable que observen cu\u00e1l es la cultura familiar, si se hacen comentarios como \u00abflaco\u00bb o \u00abgordo\u00bb, entre ellos, porque los apodos los afecta mucho.<\/span><\/p>\n<p><span style=\"color: #000000;\">\u00abTodos los pacientes que hoy tienen un trastorno de conducta alimentaria empezaron con una dieta, por una fiesta de graduaci\u00f3n o una fecha especial. Por eso es tan importante que observen la conducta de sus hijos e hijas, acepten si ven un problema y busquen a un especialista para solucionarlo de manera integral y sean parte de ese proceso\u00bb, coment\u00f3.<\/span><\/p>\n<p><span style=\"color: #000000;\">Finalmente, aconsej\u00f3 a los padres de familia dejar de sentirse culpables, y que recuerden que el tratamiento no termina cuando su hijo o hija sube de peso, sino cuando recupera su autoestima.<\/span><\/p>\n","protected":false},"excerpt":{"rendered":"<p>Cuestionar la comida de casa y hacer mucha dieta pueden ser se\u00f1ales de estos problemas Lima, 11 de Junio 2024, (ANDINA).- Cada vez es m\u00e1s com\u00fan observar que los ni\u00f1os, ni\u00f1as y adolescentes est\u00e1n expuestos a im\u00e1genes de mujeres y hombres con cuerpos \u00abperfectos y hermosos\u00bb. Esta exposici\u00f3n est\u00e1 afectando sus emociones, al punto de [&hellip;]<\/p>\n","protected":false},"author":1,"featured_media":122089,"comment_status":"closed","ping_status":"closed","sticky":false,"template":"","format":"standard","meta":{"rop_custom_images_group":[],"rop_custom_messages_group":[],"rop_publish_now":"initial","rop_publish_now_accounts":[],"rop_publish_now_history":[],"rop_publish_now_status":"pending","footnotes":""},"categories":[10,5746,21],"tags":[],"class_list":["post-122088","post","type-post","status-publish","format-standard","has-post-thumbnail","hentry","category-actualidad-municipal","category-foto-noticias","category-orientacion"],"_links":{"self":[{"href":"https:\/\/elinformanteperu.com\/index.php\/wp-json\/wp\/v2\/posts\/122088","targetHints":{"allow":["GET"]}}],"collection":[{"href":"https:\/\/elinformanteperu.com\/index.php\/wp-json\/wp\/v2\/posts"}],"about":[{"href":"https:\/\/elinformanteperu.com\/index.php\/wp-json\/wp\/v2\/types\/post"}],"author":[{"embeddable":true,"href":"https:\/\/elinformanteperu.com\/index.php\/wp-json\/wp\/v2\/users\/1"}],"replies":[{"embeddable":true,"href":"https:\/\/elinformanteperu.com\/index.php\/wp-json\/wp\/v2\/comments?post=122088"}],"version-history":[{"count":1,"href":"https:\/\/elinformanteperu.com\/index.php\/wp-json\/wp\/v2\/posts\/122088\/revisions"}],"predecessor-version":[{"id":122090,"href":"https:\/\/elinformanteperu.com\/index.php\/wp-json\/wp\/v2\/posts\/122088\/revisions\/122090"}],"wp:featuredmedia":[{"embeddable":true,"href":"https:\/\/elinformanteperu.com\/index.php\/wp-json\/wp\/v2\/media\/122089"}],"wp:attachment":[{"href":"https:\/\/elinformanteperu.com\/index.php\/wp-json\/wp\/v2\/media?parent=122088"}],"wp:term":[{"taxonomy":"category","embeddable":true,"href":"https:\/\/elinformanteperu.com\/index.php\/wp-json\/wp\/v2\/categories?post=122088"},{"taxonomy":"post_tag","embeddable":true,"href":"https:\/\/elinformanteperu.com\/index.php\/wp-json\/wp\/v2\/tags?post=122088"}],"curies":[{"name":"wp","href":"https:\/\/api.w.org\/{rel}","templated":true}]}}