{"id":122055,"date":"2024-06-10T22:46:47","date_gmt":"2024-06-11T03:46:47","guid":{"rendered":"https:\/\/elinformanteperu.com\/?p=122055"},"modified":"2024-06-10T22:46:47","modified_gmt":"2024-06-11T03:46:47","slug":"seleccion-peruana-matias-succar-completa-la-lista-para-viajar-a-enfrentar-a-el-salvador","status":"publish","type":"post","link":"https:\/\/elinformanteperu.com\/index.php\/2024\/06\/10\/seleccion-peruana-matias-succar-completa-la-lista-para-viajar-a-enfrentar-a-el-salvador\/","title":{"rendered":"Selecci\u00f3n peruana: Mat\u00edas Succar completa la lista para viajar a enfrentar a El Salvador"},"content":{"rendered":"<p><strong><span style=\"color: #000000;\">El delantero del Carlos A. Mannucci fue convocado a \u00faltimo momento para viajar a Estados Unidos<\/span><\/strong><\/p>\n<p><span style=\"color: #000000;\"><strong>Lima, 10 de Junio 2024, (ANDINA).-<\/strong> A pocos d\u00edas de partir a Estados Unidos, donde jugar\u00e1 su \u00faltimo amistoso ante El Salvador y afrontar\u00e1 la Copa Am\u00e9rica 2024, la selecci\u00f3n peruana convoc\u00f3 al delantero Mat\u00edas Succar, quien tendr\u00e1 la oportunidad de llenarle los ojos al t\u00e9cnico Jorge Fossati para disputar el certamen continental.<\/span><\/p>\n<p><span style=\"color: #000000;\">El delantero del Carlos A. Mannucci toma esta convocatoria como la oportunidad de poder mostrarse para as\u00ed intentar meterse a la lista final que presentar\u00e1 el t\u00e9cnico Jorge Fossati un d\u00eda despu\u00e9s del encuentro con El Salvador, que se juega el viernes 14 de junio.<\/span><\/p>\n<p><span style=\"color: #000000;\">Con la inclusi\u00f3n de Mat\u00edas Succar, de 25 a\u00f1os, la plantilla de jugadores que viajar\u00e1 a tierras estadounidenses suman 29. De esta cantidad, tres futbolistas deben quedar fuera de participar la Copa Am\u00e9rica, que se jugar\u00e1 del jueves 20 de junio y domingo 14 de julio.<\/span><\/p>\n<p><span style=\"color: #000000;\">En esta temporada, Succar ha disputado 16 partidos con la camiseta de Carlos Mannucci, en los que ha anotado cuatro goles y brindado dos asistencias.<\/span><\/p>\n<p><span style=\"color: #000000;\">Como se sabe, la Blanquirroja enfrentar\u00e1 a El Salvador, el viernes 14 de junio (19:30 horas), en Filadelfia, partido que servir\u00e1 al estratega uruguayo de 71 a\u00f1os para definir la lista final de 26 jugadores, que la dar\u00e1 a conocer el s\u00e1bado 15 de los presentes.<\/span><\/p>\n<p><strong><span style=\"color: #000000;\">Debut contra Chile<\/span><\/strong><\/p>\n<p><span style=\"color: #000000;\">Luego quedar\u00e1 expedita para jugar la Copa Am\u00e9rica. Em el torneo continental, Per\u00fa se ubica en el Grupo A junto a Argentina (campe\u00f3n), Chile y Canad\u00e1.<\/span><\/p>\n<p><span style=\"color: #000000;\">El viernes 21 de junio (19:00 horas), la escuadra nacional har\u00e1 su debut ante Chile en el AT&amp;T Stadium de Texas; el martes 25 de junio (17:00 horas) enfrentar\u00e1 a Canad\u00e1 en el estadio Children\u2019s Mercy Park y el s\u00e1bado 29 de junio (19:00 horas) jugar\u00e1 ante Argentina en el Estadio Hard Rock. <\/span><\/p>\n<p><span style=\"color: #000000;\">Paraguay integra el Grupo D de la Copa Am\u00e9rica junto a Colombia, Brasil y Costa Rica. Debutar\u00e1 ante la selecci\u00f3n cafetera el 24 de junio en el estadio NRG de Houston, Texas.<\/span><\/p>\n<p><a href=\"https:\/\/elinformanteperu.com\/wp-content\/uploads\/2023\/11\/seleccion-peruana-practica-nacional.jpg\"><img fetchpriority=\"high\" decoding=\"async\" class=\"size-large wp-image-118694 aligncenter\" src=\"https:\/\/elinformanteperu.com\/wp-content\/uploads\/2023\/11\/seleccion-peruana-practica-nacional-1024x682.jpg\" alt=\"\" width=\"615\" height=\"410\" srcset=\"https:\/\/elinformanteperu.com\/wp-content\/uploads\/2023\/11\/seleccion-peruana-practica-nacional-1024x682.jpg 1024w, https:\/\/elinformanteperu.com\/wp-content\/uploads\/2023\/11\/seleccion-peruana-practica-nacional-300x200.jpg 300w, https:\/\/elinformanteperu.com\/wp-content\/uploads\/2023\/11\/seleccion-peruana-practica-nacional-768x511.jpg 768w, https:\/\/elinformanteperu.com\/wp-content\/uploads\/2023\/11\/seleccion-peruana-practica-nacional-1536x1022.jpg 1536w, https:\/\/elinformanteperu.com\/wp-content\/uploads\/2023\/11\/seleccion-peruana-practica-nacional.jpg 1800w\" sizes=\"(max-width: 615px) 100vw, 615px\" \/><\/a><\/p>\n","protected":false},"excerpt":{"rendered":"<p>El delantero del Carlos A. Mannucci fue convocado a \u00faltimo momento para viajar a Estados Unidos Lima, 10 de Junio 2024, (ANDINA).- A pocos d\u00edas de partir a Estados Unidos, donde jugar\u00e1 su \u00faltimo amistoso ante El Salvador y afrontar\u00e1 la Copa Am\u00e9rica 2024, la selecci\u00f3n peruana convoc\u00f3 al delantero Mat\u00edas Succar, quien tendr\u00e1 la [&hellip;]<\/p>\n","protected":false},"author":1,"featured_media":122056,"comment_status":"closed","ping_status":"closed","sticky":false,"template":"","format":"standard","meta":{"rop_custom_images_group":[],"rop_custom_messages_group":[],"rop_publish_now":"initial","rop_publish_now_accounts":[],"rop_publish_now_history":[],"rop_publish_now_status":"pending","footnotes":""},"categories":[8],"tags":[7381,7270,7527],"class_list":["post-122055","post","type-post","status-publish","format-standard","has-post-thumbnail","hentry","category-disciplinas-deportivas","tag-copa-america-2024","tag-jorge-fossati","tag-matias-succar"],"_links":{"self":[{"href":"https:\/\/elinformanteperu.com\/index.php\/wp-json\/wp\/v2\/posts\/122055","targetHints":{"allow":["GET"]}}],"collection":[{"href":"https:\/\/elinformanteperu.com\/index.php\/wp-json\/wp\/v2\/posts"}],"about":[{"href":"https:\/\/elinformanteperu.com\/index.php\/wp-json\/wp\/v2\/types\/post"}],"author":[{"embeddable":true,"href":"https:\/\/elinformanteperu.com\/index.php\/wp-json\/wp\/v2\/users\/1"}],"replies":[{"embeddable":true,"href":"https:\/\/elinformanteperu.com\/index.php\/wp-json\/wp\/v2\/comments?post=122055"}],"version-history":[{"count":1,"href":"https:\/\/elinformanteperu.com\/index.php\/wp-json\/wp\/v2\/posts\/122055\/revisions"}],"predecessor-version":[{"id":122057,"href":"https:\/\/elinformanteperu.com\/index.php\/wp-json\/wp\/v2\/posts\/122055\/revisions\/122057"}],"wp:featuredmedia":[{"embeddable":true,"href":"https:\/\/elinformanteperu.com\/index.php\/wp-json\/wp\/v2\/media\/122056"}],"wp:attachment":[{"href":"https:\/\/elinformanteperu.com\/index.php\/wp-json\/wp\/v2\/media?parent=122055"}],"wp:term":[{"taxonomy":"category","embeddable":true,"href":"https:\/\/elinformanteperu.com\/index.php\/wp-json\/wp\/v2\/categories?post=122055"},{"taxonomy":"post_tag","embeddable":true,"href":"https:\/\/elinformanteperu.com\/index.php\/wp-json\/wp\/v2\/tags?post=122055"}],"curies":[{"name":"wp","href":"https:\/\/api.w.org\/{rel}","templated":true}]}}