{"id":122052,"date":"2024-06-10T21:28:42","date_gmt":"2024-06-11T02:28:42","guid":{"rendered":"https:\/\/elinformanteperu.com\/?p=122052"},"modified":"2024-06-10T21:28:42","modified_gmt":"2024-06-11T02:28:42","slug":"ricardo-gareca-desmiente-que-vaya-a-renunciar-a-la-seleccion-chilena-por-falta-de-pago","status":"publish","type":"post","link":"https:\/\/elinformanteperu.com\/index.php\/2024\/06\/10\/ricardo-gareca-desmiente-que-vaya-a-renunciar-a-la-seleccion-chilena-por-falta-de-pago\/","title":{"rendered":"Ricardo Gareca desmiente que vaya a renunciar a la selecci\u00f3n chilena por falta de pago"},"content":{"rendered":"<p><strong><span style=\"color: #000000;\">El t\u00e9cnico argentinao asegura que no tiene problema alguno con la ANFP y cumplir\u00e1 contrato hasta el final<\/span><\/strong><\/p>\n<p><span style=\"color: #000000;\"><strong>Lima, 10 de Junio 2024, (ANDINA).-<\/strong> El t\u00e9cnico Ricardo Gareca dio a conocer este lunes que har\u00e1 respetar el contrato que tiene con la selecci\u00f3n chilena y desminti\u00f3 tener alg\u00fan problema con la Asociaci\u00f3n Nacional de F\u00fatbol Profesional (ANFP), por lo que reafirm\u00f3 su compromiso absoluto con &#8216;La Roja&#8217;.<\/span><\/p>\n<p><span style=\"color: #000000;\">En los \u00faltimos d\u00edas se habl\u00f3 que la falta de liquidez monetaria en la ANFP har\u00eda imposible que se pueda pagar el sueldo a Ricardo Gareca, que asciende a los 2,8 millones de d\u00f3lares al a\u00f1o, situaci\u00f3n que obligar\u00eda al entrenador argentino a no seguir en su cargo.<\/span><\/p>\n<p><span style=\"color: #000000;\">Esta informaci\u00f3n fue desmentida por el el propio Gareca, quien asegur\u00f3 no tener inconveniente alguno con la federaci\u00f3n de chilena y que tiene un contrato que respetar\u00e1 hasta el \u00faltimo momento.<\/span><\/p>\n<p><span style=\"color: #000000;\">\u00abLo que que se publica es algo en que no me meto. Nunca entro en una pol\u00e9mica con el periodismo, con colegas ni con jugadores. Jam\u00e1s me permitir\u00eda eso. Lo m\u00e1s importante de todo es que tengo un contrato con Chile. Independientemente de alg\u00fan problema con la federaci\u00f3n, que no los tengo, tengo un contrato que voy a respetar hasta las \u00faltimas consecuencias deportiva y financieramente. El compromiso es absoluto\u00bb, enfatiz\u00f3 Gareca.<\/span><\/p>\n<p><span style=\"color: #000000;\">Con respecto a los jugadores que no fueron llamados, como es el caso de Arturo Vidal, para jugar los \u00faltimos amistosos previo a la Copa Am\u00e9rica, asegur\u00f3 que no dejan de ser tenidos en cuenta y que los &#8216;hist\u00f3ricos&#8217; siempre forman parte de la selecci\u00f3n chilena.<\/span><\/p>\n<p><span style=\"color: #000000;\">\u00abDentro de las cosas que hablo en privado: jugador que es citado por primera vez en la Selecci\u00f3n, nunca es dejado de tener en cuenta. Lo mismo los hist\u00f3ricos. Siempre forman parte de la Selecci\u00f3n. No es que los vayamos a convocar, pero siempre estar\u00e1n en el radar nuestro. No queremos desarmar. De ah\u00ed que vayamos a cambiar 10 jugadores, es dif\u00edcil. Para que nos vayamos conociendo. Es dif\u00edcil construir algo\u00bb, finaliz\u00f3 el &#8216;Tigre&#8217;.<\/span><\/p>\n","protected":false},"excerpt":{"rendered":"<p>El t\u00e9cnico argentinao asegura que no tiene problema alguno con la ANFP y cumplir\u00e1 contrato hasta el final Lima, 10 de Junio 2024, (ANDINA).- El t\u00e9cnico Ricardo Gareca dio a conocer este lunes que har\u00e1 respetar el contrato que tiene con la selecci\u00f3n chilena y desminti\u00f3 tener alg\u00fan problema con la Asociaci\u00f3n Nacional de F\u00fatbol [&hellip;]<\/p>\n","protected":false},"author":1,"featured_media":122053,"comment_status":"closed","ping_status":"closed","sticky":false,"template":"","format":"standard","meta":{"rop_custom_images_group":[],"rop_custom_messages_group":[],"rop_publish_now":"initial","rop_publish_now_accounts":[],"rop_publish_now_history":[],"rop_publish_now_status":"pending","footnotes":""},"categories":[8],"tags":[173,7381,92],"class_list":["post-122052","post","type-post","status-publish","format-standard","has-post-thumbnail","hentry","category-disciplinas-deportivas","tag-chile","tag-copa-america-2024","tag-ricardo-gareca"],"_links":{"self":[{"href":"https:\/\/elinformanteperu.com\/index.php\/wp-json\/wp\/v2\/posts\/122052","targetHints":{"allow":["GET"]}}],"collection":[{"href":"https:\/\/elinformanteperu.com\/index.php\/wp-json\/wp\/v2\/posts"}],"about":[{"href":"https:\/\/elinformanteperu.com\/index.php\/wp-json\/wp\/v2\/types\/post"}],"author":[{"embeddable":true,"href":"https:\/\/elinformanteperu.com\/index.php\/wp-json\/wp\/v2\/users\/1"}],"replies":[{"embeddable":true,"href":"https:\/\/elinformanteperu.com\/index.php\/wp-json\/wp\/v2\/comments?post=122052"}],"version-history":[{"count":1,"href":"https:\/\/elinformanteperu.com\/index.php\/wp-json\/wp\/v2\/posts\/122052\/revisions"}],"predecessor-version":[{"id":122054,"href":"https:\/\/elinformanteperu.com\/index.php\/wp-json\/wp\/v2\/posts\/122052\/revisions\/122054"}],"wp:featuredmedia":[{"embeddable":true,"href":"https:\/\/elinformanteperu.com\/index.php\/wp-json\/wp\/v2\/media\/122053"}],"wp:attachment":[{"href":"https:\/\/elinformanteperu.com\/index.php\/wp-json\/wp\/v2\/media?parent=122052"}],"wp:term":[{"taxonomy":"category","embeddable":true,"href":"https:\/\/elinformanteperu.com\/index.php\/wp-json\/wp\/v2\/categories?post=122052"},{"taxonomy":"post_tag","embeddable":true,"href":"https:\/\/elinformanteperu.com\/index.php\/wp-json\/wp\/v2\/tags?post=122052"}],"curies":[{"name":"wp","href":"https:\/\/api.w.org\/{rel}","templated":true}]}}