{"id":1218,"date":"2016-11-17T00:55:07","date_gmt":"2016-11-17T05:55:07","guid":{"rendered":"http:\/\/elinformanteperu.com\/?p=1218"},"modified":"2016-11-17T00:55:07","modified_gmt":"2016-11-17T05:55:07","slug":"declaran-procedente-denuncia-constitucional-contra-exfiscal-carlos-ramos","status":"publish","type":"post","link":"https:\/\/elinformanteperu.com\/index.php\/2016\/11\/17\/declaran-procedente-denuncia-constitucional-contra-exfiscal-carlos-ramos\/","title":{"rendered":"Declaran procedente denuncia constitucional contra exfiscal Carlos Ramos"},"content":{"rendered":"<p style=\"text-align: justify;\"><strong>La Comisi\u00f3n Permanente del Congreso de la Rep\u00fablica se pronunci\u00f3 a favor de declarar procedente la denuncia presentada contra el exfiscal de la Naci\u00f3n, Carlos Ramos Heredia por el caso \u00abLa Centralita\u00bb.<\/strong><\/p>\n<p style=\"text-align: justify;\"><strong>Lima, 16 Noviembre 2016, (ANDINA).-<\/strong> La Comisi\u00f3n Permanente del Congreso de la Rep\u00fablica se pronunci\u00f3 a favor de declarar procedente la denuncia presentada contra el exfiscal de la Naci\u00f3n, Carlos Ramos Heredia, implicado en el caso \u00abLa Centralita\u00bb.<\/p>\n<p style=\"text-align: justify;\">El recurso fue interpuesto por el excongresista Mes\u00edas Guevara, quien en el anterior Parlamento, encabez\u00f3 la investigaci\u00f3n sobre las irregularidades denunciadas en el gobierno regional de \u00c1ncash en la gesti\u00f3n de C\u00e9sar \u00c1lvarez.<\/p>\n<p style=\"text-align: justify;\">La denuncia constitucional deriva que, seg\u00fan pesquisas, Ramos se habr\u00eda coludido con las autoridades ancashinas, en el marco del caso conocido como de \u201cLa Centralita\u2019.<\/p>\n<p style=\"text-align: justify;\">En la sesi\u00f3n de hoy, la Comisi\u00f3n Permanente del Congreso, presidida por Rosa Bartra Barriga, ratific\u00f3 la improcedencia de seis informes de calificaci\u00f3n que fueron presentados por la Subcomisi\u00f3n de Acusaciones Constitucionales.<\/p>\n<p style=\"text-align: justify;\">Con votaci\u00f3n nominal rechaz\u00f3 con nueve votos el informe de calificaci\u00f3n que declaraba la procedencia de una denuncia constitucional en contra del magistrado del Tribunal Constitucional Oscar Urviola, por supuestamente haber impedido que se ejerza la libertad de trabajar a un exasesor.<\/p>\n<p style=\"text-align: justify;\">La presidenta de la Subcomisi\u00f3n de acusaciones, Karina Beteta (FP) se\u00f1al\u00f3 que su informe establec\u00eda que se diera un plazo de quince d\u00edas para investigar el tema. Posteriormente, reci\u00e9n se decidir\u00eda si este se archivaba o no.<\/p>\n<p style=\"text-align: justify;\">Finalmente, nueve votos decidieron la desestimaci\u00f3n del documento.<\/p>\n<p style=\"text-align: justify;\">Otros cinco informes, referidos a denuncias dirigidas contra magistrados del Tribunal Constitucional y el juez supremo Enrique Mendoza, fueron desestimados.<\/p>\n","protected":false},"excerpt":{"rendered":"<p>La Comisi\u00f3n Permanente del Congreso de la Rep\u00fablica se pronunci\u00f3 a favor de declarar procedente la denuncia presentada contra el exfiscal de la Naci\u00f3n, Carlos Ramos Heredia por el caso \u00abLa Centralita\u00bb. Lima, 16 Noviembre 2016, (ANDINA).- La Comisi\u00f3n Permanente del Congreso de la Rep\u00fablica se pronunci\u00f3 a favor de declarar procedente la denuncia presentada [&hellip;]<\/p>\n","protected":false},"author":1,"featured_media":1219,"comment_status":"open","ping_status":"open","sticky":false,"template":"","format":"standard","meta":{"rop_custom_images_group":[],"rop_custom_messages_group":[],"rop_publish_now":"initial","rop_publish_now_accounts":[],"rop_publish_now_history":[],"rop_publish_now_status":"pending","footnotes":""},"categories":[5],"tags":[194,193,192,195],"class_list":["post-1218","post","type-post","status-publish","format-standard","has-post-thumbnail","hentry","category-actualidad-informativa","tag-carlos-ramos-heredia","tag-comision-permanente","tag-congreso","tag-la-centralita"],"_links":{"self":[{"href":"https:\/\/elinformanteperu.com\/index.php\/wp-json\/wp\/v2\/posts\/1218","targetHints":{"allow":["GET"]}}],"collection":[{"href":"https:\/\/elinformanteperu.com\/index.php\/wp-json\/wp\/v2\/posts"}],"about":[{"href":"https:\/\/elinformanteperu.com\/index.php\/wp-json\/wp\/v2\/types\/post"}],"author":[{"embeddable":true,"href":"https:\/\/elinformanteperu.com\/index.php\/wp-json\/wp\/v2\/users\/1"}],"replies":[{"embeddable":true,"href":"https:\/\/elinformanteperu.com\/index.php\/wp-json\/wp\/v2\/comments?post=1218"}],"version-history":[{"count":1,"href":"https:\/\/elinformanteperu.com\/index.php\/wp-json\/wp\/v2\/posts\/1218\/revisions"}],"predecessor-version":[{"id":1220,"href":"https:\/\/elinformanteperu.com\/index.php\/wp-json\/wp\/v2\/posts\/1218\/revisions\/1220"}],"wp:featuredmedia":[{"embeddable":true,"href":"https:\/\/elinformanteperu.com\/index.php\/wp-json\/wp\/v2\/media\/1219"}],"wp:attachment":[{"href":"https:\/\/elinformanteperu.com\/index.php\/wp-json\/wp\/v2\/media?parent=1218"}],"wp:term":[{"taxonomy":"category","embeddable":true,"href":"https:\/\/elinformanteperu.com\/index.php\/wp-json\/wp\/v2\/categories?post=1218"},{"taxonomy":"post_tag","embeddable":true,"href":"https:\/\/elinformanteperu.com\/index.php\/wp-json\/wp\/v2\/tags?post=1218"}],"curies":[{"name":"wp","href":"https:\/\/api.w.org\/{rel}","templated":true}]}}