{"id":121546,"date":"2024-05-27T21:18:03","date_gmt":"2024-05-28T02:18:03","guid":{"rendered":"https:\/\/elinformanteperu.com\/?p=121546"},"modified":"2024-05-27T21:18:03","modified_gmt":"2024-05-28T02:18:03","slug":"renato-tapia-seguira-en-celta-de-vigo-o-se-marchara-al-girona-en-espana","status":"publish","type":"post","link":"https:\/\/elinformanteperu.com\/index.php\/2024\/05\/27\/renato-tapia-seguira-en-celta-de-vigo-o-se-marchara-al-girona-en-espana\/","title":{"rendered":"Renato Tapia: \u00bfSeguir\u00e1 en Celta de Vigo o se marchar\u00e1 al Girona en Espa\u00f1a?"},"content":{"rendered":"<p><strong><span style=\"color: #000000;\">El contrato del peruano acaba el 30 de junio y a\u00fan su futuro es incierto<\/span><\/strong><\/p>\n<p><span style=\"color: #000000;\"><strong>Madrid, 27 de Mayo 2024, (ANDINA).-<\/strong> El volante peruano Renato Tapia est\u00e1 a un paso de terminar su contrato de cuatro a\u00f1os con el Celta de Vigo, el cual finiquita el pr\u00f3ximo 30 de junio, y es por ello agradeci\u00f3 a la hinchada por el cari\u00f1o mostrado a lo largo de su estad\u00eda.<\/span><\/p>\n<p><span style=\"color: #000000;\">Renato Tapia no lo tiene claro qu\u00e9 pasar\u00e1 con su futuro profesional y es que nadie del Celta, hasta el momento, habl\u00f3 sobre una posible renovaci\u00f3n de contrato, que vence en junio pr\u00f3ximo.<\/span><\/p>\n<p><span style=\"color: #000000;\">El propio futbolista nacional dio a conocer de su situaci\u00f3n en una publicaci\u00f3n en sus redes en el que agradece a los hinchas por su apoyo y cari\u00f1o.<\/span><\/p>\n<p><span style=\"color: #000000;\">\u00abNo es una despedida, a\u00fan no s\u00e9 qu\u00e9 va a pasar con mi situaci\u00f3n. Muy contento de haber representado este club. Son una hincha da pu.. mad..\u00bb, precis\u00f3 Tapia.<\/span><\/p>\n<p><span style=\"color: #000000;\">De otro lado, el t\u00e9cnico del Celta, Claudio Gir\u00e1ldez, no dio m\u00e1s detalles sobre lo que pasar\u00e1 con el jugador de 28 a\u00f1os y reiter\u00f3 que hay muchas cosas que valorar y descart\u00f3 que se haya producido una salida de Renato Tapia.<\/span><\/p>\n<p><span style=\"color: #000000;\">\u00abEl verano es largo y hay muchas situaciones personales para valorar, pero no tengo la sensaci\u00f3n de que haya sido una despedida de nadie\u00bb, indic\u00f3 Gir\u00e1ldez.<\/span><\/p>\n<p><span style=\"color: #000000;\">Tapia fue uno de los jugadores m\u00e1s importantes del Celta de Vigo en la \u00faltima temporada, incluso lleg\u00f3 a ser capit\u00e1n de equipo, Con la camiseta &#8216;celeste&#8217; disput\u00f3 120 partidos.<\/span><\/p>\n<p><span style=\"color: #000000;\">Ante la incertidumbre, la prensa espa\u00f1ola da como certeza la partida de Renato Tapia al club Girona con el que el peruano disputar\u00e1 la pr\u00f3xima edici\u00f3n de la Liga de Campeones.<\/span><\/p>\n<p><a href=\"https:\/\/elinformanteperu.com\/wp-content\/uploads\/2024\/04\/renato-tapia-celta1-e1712036407786.jpg\"><img fetchpriority=\"high\" decoding=\"async\" class=\"size-large wp-image-120036 aligncenter\" src=\"https:\/\/elinformanteperu.com\/wp-content\/uploads\/2024\/04\/renato-tapia-celta1-e1712036407786-1024x678.jpg\" alt=\"\" width=\"615\" height=\"407\" srcset=\"https:\/\/elinformanteperu.com\/wp-content\/uploads\/2024\/04\/renato-tapia-celta1-e1712036407786-1024x678.jpg 1024w, https:\/\/elinformanteperu.com\/wp-content\/uploads\/2024\/04\/renato-tapia-celta1-e1712036407786-300x199.jpg 300w, https:\/\/elinformanteperu.com\/wp-content\/uploads\/2024\/04\/renato-tapia-celta1-e1712036407786-768x508.jpg 768w, https:\/\/elinformanteperu.com\/wp-content\/uploads\/2024\/04\/renato-tapia-celta1-e1712036407786-1536x1016.jpg 1536w, https:\/\/elinformanteperu.com\/wp-content\/uploads\/2024\/04\/renato-tapia-celta1-e1712036407786.jpg 1800w\" sizes=\"(max-width: 615px) 100vw, 615px\" \/><\/a><\/p>\n","protected":false},"excerpt":{"rendered":"<p>El contrato del peruano acaba el 30 de junio y a\u00fan su futuro es incierto Madrid, 27 de Mayo 2024, (ANDINA).- El volante peruano Renato Tapia est\u00e1 a un paso de terminar su contrato de cuatro a\u00f1os con el Celta de Vigo, el cual finiquita el pr\u00f3ximo 30 de junio, y es por ello agradeci\u00f3 [&hellip;]<\/p>\n","protected":false},"author":1,"featured_media":119556,"comment_status":"closed","ping_status":"closed","sticky":false,"template":"","format":"standard","meta":{"rop_custom_images_group":[],"rop_custom_messages_group":[],"rop_publish_now":"initial","rop_publish_now_accounts":[],"rop_publish_now_history":[],"rop_publish_now_status":"pending","footnotes":""},"categories":[8],"tags":[5739,5986,1260],"class_list":["post-121546","post","type-post","status-publish","format-standard","has-post-thumbnail","hentry","category-disciplinas-deportivas","tag-celta","tag-celta-de-vigo","tag-renato-tapia"],"_links":{"self":[{"href":"https:\/\/elinformanteperu.com\/index.php\/wp-json\/wp\/v2\/posts\/121546","targetHints":{"allow":["GET"]}}],"collection":[{"href":"https:\/\/elinformanteperu.com\/index.php\/wp-json\/wp\/v2\/posts"}],"about":[{"href":"https:\/\/elinformanteperu.com\/index.php\/wp-json\/wp\/v2\/types\/post"}],"author":[{"embeddable":true,"href":"https:\/\/elinformanteperu.com\/index.php\/wp-json\/wp\/v2\/users\/1"}],"replies":[{"embeddable":true,"href":"https:\/\/elinformanteperu.com\/index.php\/wp-json\/wp\/v2\/comments?post=121546"}],"version-history":[{"count":1,"href":"https:\/\/elinformanteperu.com\/index.php\/wp-json\/wp\/v2\/posts\/121546\/revisions"}],"predecessor-version":[{"id":121547,"href":"https:\/\/elinformanteperu.com\/index.php\/wp-json\/wp\/v2\/posts\/121546\/revisions\/121547"}],"wp:featuredmedia":[{"embeddable":true,"href":"https:\/\/elinformanteperu.com\/index.php\/wp-json\/wp\/v2\/media\/119556"}],"wp:attachment":[{"href":"https:\/\/elinformanteperu.com\/index.php\/wp-json\/wp\/v2\/media?parent=121546"}],"wp:term":[{"taxonomy":"category","embeddable":true,"href":"https:\/\/elinformanteperu.com\/index.php\/wp-json\/wp\/v2\/categories?post=121546"},{"taxonomy":"post_tag","embeddable":true,"href":"https:\/\/elinformanteperu.com\/index.php\/wp-json\/wp\/v2\/tags?post=121546"}],"curies":[{"name":"wp","href":"https:\/\/api.w.org\/{rel}","templated":true}]}}