{"id":121543,"date":"2024-05-27T21:14:57","date_gmt":"2024-05-28T02:14:57","guid":{"rendered":"https:\/\/elinformanteperu.com\/?p=121543"},"modified":"2024-05-27T21:14:57","modified_gmt":"2024-05-28T02:14:57","slug":"christian-cueva-quiere-su-revancha-y-aseguro-que-volvera-a-alianza-lima","status":"publish","type":"post","link":"https:\/\/elinformanteperu.com\/index.php\/2024\/05\/27\/christian-cueva-quiere-su-revancha-y-aseguro-que-volvera-a-alianza-lima\/","title":{"rendered":"Christian Cueva quiere su revancha y asegur\u00f3 que volver\u00e1 a Alianza Lima"},"content":{"rendered":"<p><strong><span style=\"color: #000000;\">El volante dijo que le duele haberse lesionado tan temprano en el campeonato del 2023<\/span><\/strong><\/p>\n<p><span style=\"color: #000000;\"><strong>Lima, 27 de Mayo 2024, (ANDINA).-<\/strong> El volante Christian Cueva siente que tiene una deuda deportiva pendiente con Alianza Lima y es por ello se encuentra seguro de que en alg\u00fan momento volver\u00e1 al club &#8216;\u00edntimo&#8217; aunque no precis\u00f3 en qu\u00e9 momento lo har\u00e1.<\/span><\/p>\n<p><span style=\"color: #000000;\">Los hinchas aliancistas tienen un mal recuerdo del \u00faltimo paso de Christian Cueva por tienda &#8216;blanquiazul&#8217;, ya que tras llegar con el cartel de estrella en el 2023 no tuvo un buen accionar en muchos aspectos.<\/span><\/p>\n<p><span style=\"color: #000000;\">El jugador de 33 a\u00f1os no anot\u00f3 ning\u00fan gol con la camiseta aliancista y fue m\u00e1s noticia por sus salidas nocturnas. A ello se suma que contrajo una lesi\u00f3n que le impidi\u00f3 estar al 100% para jugar los partidos claves como la definici\u00f3n por el t\u00edtulo con Universitario de Deportes.<\/span><\/p>\n<p><span style=\"color: #000000;\">Cueva fue uno de los jugadores que m\u00e1s dinero cobr\u00f3 debido a que su sueldo oscilaba por encima de los 50 mil d\u00f3lares mensuales.<\/span><\/p>\n<p><span style=\"color: #000000;\">Alejado de los campos de juegos y sometido a exigentes trabajos en la Videna para recuperase de una lesi\u00f3n a la rodilla, Christian Cueva volvi\u00f3 a referirse a Alianza Lima aduciendo que le gustar\u00eda vestirse nuevamente de blanquiazul en un futuro no muy lejano.<\/span><\/p>\n<p><span style=\"color: #000000;\">\u00abS\u00ed, me gustar\u00eda, por supuesto volver, pero tengo mis razones de por qu\u00e9 en este momento no. Pero voy a regresar, voy a volver en alg\u00fan momento\u00bb, manifest\u00f3 Cueva al programa &#8216;Enfocados&#8217;.<\/span><\/p>\n<p><span style=\"color: #000000;\">Asimismo, dijo que le afect\u00f3 la forma en la que se dio su \u00faltima salida del conjunto victoriano. \u00abDuele porque es Alianza, uno es hincha. Nunca me imagin\u00e9 lesionarme tan temprano en el campeonato\u00bb, indic\u00f3,<\/span><\/p>\n<p><span style=\"color: #000000;\">El &#8216;Aladino&#8217; aprovech\u00f3 para referirse a la convivencia que tuvo en tienda &#8216;blanquiazul&#8217;.<\/span><\/p>\n<p><span style=\"color: #000000;\">\u00abHab\u00eda un buen grupo con varios compa\u00f1eros. Yo ten\u00eda una buena relaci\u00f3n con ellos, los conoc\u00eda de mucho tiempo, ten\u00eda una afinidad, pero encar\u00e9 a dos: al entrenador y a un delantero\u00bb, sostuvo.<\/span><\/p>\n<p><span style=\"color: #000000;\">Agreg\u00f3: \u00abHubo situaciones que no me gustaron. De repente uno lo tuvo que hablar en su momento en cuatro paredes. Se los dije tal cual. Igual les deseo lo mejor, no le deseo mal a nadie. No se comportaron, para nada. Ellos saben qui\u00e9nes son\u00bb, agreg\u00f3 Christian Cueva.<\/span><\/p>\n<p><a href=\"https:\/\/elinformanteperu.com\/wp-content\/uploads\/2023\/01\/cueva-alianza-lima.jpg\"><img fetchpriority=\"high\" decoding=\"async\" class=\"size-large wp-image-117026 aligncenter\" src=\"https:\/\/elinformanteperu.com\/wp-content\/uploads\/2023\/01\/cueva-alianza-lima-1024x682.jpg\" alt=\"\" width=\"615\" height=\"410\" srcset=\"https:\/\/elinformanteperu.com\/wp-content\/uploads\/2023\/01\/cueva-alianza-lima-1024x682.jpg 1024w, https:\/\/elinformanteperu.com\/wp-content\/uploads\/2023\/01\/cueva-alianza-lima-300x200.jpg 300w, https:\/\/elinformanteperu.com\/wp-content\/uploads\/2023\/01\/cueva-alianza-lima-768x512.jpg 768w, https:\/\/elinformanteperu.com\/wp-content\/uploads\/2023\/01\/cueva-alianza-lima-1536x1023.jpg 1536w, https:\/\/elinformanteperu.com\/wp-content\/uploads\/2023\/01\/cueva-alianza-lima.jpg 1800w\" sizes=\"(max-width: 615px) 100vw, 615px\" \/><\/a><\/p>\n","protected":false},"excerpt":{"rendered":"<p>El volante dijo que le duele haberse lesionado tan temprano en el campeonato del 2023 Lima, 27 de Mayo 2024, (ANDINA).- El volante Christian Cueva siente que tiene una deuda deportiva pendiente con Alianza Lima y es por ello se encuentra seguro de que en alg\u00fan momento volver\u00e1 al club &#8216;\u00edntimo&#8217; aunque no precis\u00f3 en [&hellip;]<\/p>\n","protected":false},"author":1,"featured_media":121544,"comment_status":"closed","ping_status":"closed","sticky":false,"template":"","format":"standard","meta":{"rop_custom_images_group":[],"rop_custom_messages_group":[],"rop_publish_now":"initial","rop_publish_now_accounts":[],"rop_publish_now_history":[],"rop_publish_now_status":"pending","footnotes":""},"categories":[8],"tags":[91,89],"class_list":["post-121543","post","type-post","status-publish","format-standard","has-post-thumbnail","hentry","category-disciplinas-deportivas","tag-alianza-lima","tag-christian-cueva"],"_links":{"self":[{"href":"https:\/\/elinformanteperu.com\/index.php\/wp-json\/wp\/v2\/posts\/121543","targetHints":{"allow":["GET"]}}],"collection":[{"href":"https:\/\/elinformanteperu.com\/index.php\/wp-json\/wp\/v2\/posts"}],"about":[{"href":"https:\/\/elinformanteperu.com\/index.php\/wp-json\/wp\/v2\/types\/post"}],"author":[{"embeddable":true,"href":"https:\/\/elinformanteperu.com\/index.php\/wp-json\/wp\/v2\/users\/1"}],"replies":[{"embeddable":true,"href":"https:\/\/elinformanteperu.com\/index.php\/wp-json\/wp\/v2\/comments?post=121543"}],"version-history":[{"count":1,"href":"https:\/\/elinformanteperu.com\/index.php\/wp-json\/wp\/v2\/posts\/121543\/revisions"}],"predecessor-version":[{"id":121545,"href":"https:\/\/elinformanteperu.com\/index.php\/wp-json\/wp\/v2\/posts\/121543\/revisions\/121545"}],"wp:featuredmedia":[{"embeddable":true,"href":"https:\/\/elinformanteperu.com\/index.php\/wp-json\/wp\/v2\/media\/121544"}],"wp:attachment":[{"href":"https:\/\/elinformanteperu.com\/index.php\/wp-json\/wp\/v2\/media?parent=121543"}],"wp:term":[{"taxonomy":"category","embeddable":true,"href":"https:\/\/elinformanteperu.com\/index.php\/wp-json\/wp\/v2\/categories?post=121543"},{"taxonomy":"post_tag","embeddable":true,"href":"https:\/\/elinformanteperu.com\/index.php\/wp-json\/wp\/v2\/tags?post=121543"}],"curies":[{"name":"wp","href":"https:\/\/api.w.org\/{rel}","templated":true}]}}