{"id":121458,"date":"2024-05-24T20:49:05","date_gmt":"2024-05-25T01:49:05","guid":{"rendered":"https:\/\/elinformanteperu.com\/?p=121458"},"modified":"2024-05-24T20:49:05","modified_gmt":"2024-05-25T01:49:05","slug":"xavi-nunca-es-facil-dejar-el-club-de-tu-vida-pero-estoy-orgulloso","status":"publish","type":"post","link":"https:\/\/elinformanteperu.com\/index.php\/2024\/05\/24\/xavi-nunca-es-facil-dejar-el-club-de-tu-vida-pero-estoy-orgulloso\/","title":{"rendered":"Xavi: \u00abNunca es f\u00e1cil dejar el club de tu vida, pero estoy orgulloso\u00bb"},"content":{"rendered":"<p><strong><span style=\"color: #000000;\">Seg\u00fan indican diversos medios ser\u00eda reemplazado por el alem\u00e1n Hansi Flick.<\/span><\/strong><\/p>\n<p><span style=\"color: #000000;\"><strong>Barcelona, 24 de Mayo 2024, (ANDINA).-<\/strong> Xavi Hern\u00e1ndez, que este domingo vivir\u00e1 en Sevilla su \u00faltimo partido como entrenador del Barcelona, asegur\u00f3 sentirse \u00aborgulloso\u00bb, despu\u00e9s de dos a\u00f1os y medio \u00aba la cabeza de un vestuario que ha sido como una segunda familia\u00bb, aunque admiti\u00f3 que \u00abnunca es f\u00e1cil dejar el club de tu vida\u00bb.<\/span><\/p>\n<p><span style=\"color: #000000;\">El presidente del FC Barcelona, Joan Laporta, le comunic\u00f3 este viernes que no seguir\u00e1 en el banquillo azulgrana la pr\u00f3xima temporada, y Xavi quiso despedirse de la afici\u00f3n con una carta en la redes sociales.<\/span><\/p>\n<p><span style=\"color: #000000;\">\u00abQuiero dar las gracias a la afici\u00f3n por el apoyo y cari\u00f1o, que siempre han estado a mi lado y me han demostrado en todo momento el mismo amor que en mi etapa futbol\u00edstica. Desde el domingo ser\u00e9 un cul\u00e9 m\u00e1s en las gradas, ya sea ahora en el Estadio Ol\u00edmpico o en unos meses en el Nou Camp Nou\u00bb, afirm\u00f3.<\/span><\/p>\n<p><span style=\"color: #000000;\">\u00abTrabaj\u00e9 con un gran grupo de jugadores y un personal incre\u00edble. Gracias a todos ellos hemos estado logrando los objetivos propuestos, culminando el a\u00f1o pasado con una Liga y una Supercopa. Esta temporada las cosas no han salido como quer\u00edamos, pero lo hemos dejado pasar y ayudado a crecer una nueva generaci\u00f3n de j\u00f3venes futbolistas de La Mas\u00eda que inspiran todos los barcelonistas\u00bb, a\u00f1adi\u00f3.<\/span><\/p>\n<p><span style=\"color: #000000;\">Xavi quiso dar las gracias a todos: \u00abA los aficionados, los jugadores, el personal, los empleados del club, el presidente, la junta directiva, los directores deportivos, los medios de comunicaci\u00f3n y todos los que he compartido el viaje durante estas dos temporadas y media\u00bb.<\/span><\/p>\n<p><span style=\"color: #000000;\">Y asegur\u00f3 que, \u00abantes de ser jugador o entrenador\u00bb es barcelonista. \u00abSolo quiero lo mejor para el club en mi vida, que siempre me tendr\u00e1 en su disposici\u00f3n\u00bb, concluy\u00f3.<\/span><\/p>\n<p><a href=\"https:\/\/elinformanteperu.com\/wp-content\/uploads\/2021\/10\/Xavi-Hernandez.jpg\"><img fetchpriority=\"high\" decoding=\"async\" class=\"size-large wp-image-107494 aligncenter\" src=\"https:\/\/elinformanteperu.com\/wp-content\/uploads\/2021\/10\/Xavi-Hernandez-1024x682.jpg\" alt=\"\" width=\"615\" height=\"410\" srcset=\"https:\/\/elinformanteperu.com\/wp-content\/uploads\/2021\/10\/Xavi-Hernandez-1024x682.jpg 1024w, https:\/\/elinformanteperu.com\/wp-content\/uploads\/2021\/10\/Xavi-Hernandez-300x200.jpg 300w, https:\/\/elinformanteperu.com\/wp-content\/uploads\/2021\/10\/Xavi-Hernandez-768x512.jpg 768w, https:\/\/elinformanteperu.com\/wp-content\/uploads\/2021\/10\/Xavi-Hernandez-1536x1023.jpg 1536w, https:\/\/elinformanteperu.com\/wp-content\/uploads\/2021\/10\/Xavi-Hernandez.jpg 1800w\" sizes=\"(max-width: 615px) 100vw, 615px\" \/><\/a><\/p>\n","protected":false},"excerpt":{"rendered":"<p>Seg\u00fan indican diversos medios ser\u00eda reemplazado por el alem\u00e1n Hansi Flick. Barcelona, 24 de Mayo 2024, (ANDINA).- Xavi Hern\u00e1ndez, que este domingo vivir\u00e1 en Sevilla su \u00faltimo partido como entrenador del Barcelona, asegur\u00f3 sentirse \u00aborgulloso\u00bb, despu\u00e9s de dos a\u00f1os y medio \u00aba la cabeza de un vestuario que ha sido como una segunda familia\u00bb, aunque [&hellip;]<\/p>\n","protected":false},"author":1,"featured_media":78865,"comment_status":"closed","ping_status":"closed","sticky":false,"template":"","format":"standard","meta":{"rop_custom_images_group":[],"rop_custom_messages_group":[],"rop_publish_now":"initial","rop_publish_now_accounts":[],"rop_publish_now_history":[],"rop_publish_now_status":"pending","footnotes":""},"categories":[8],"tags":[303,5918],"class_list":["post-121458","post","type-post","status-publish","format-standard","has-post-thumbnail","hentry","category-disciplinas-deportivas","tag-barcelona","tag-xavi-hernandez"],"_links":{"self":[{"href":"https:\/\/elinformanteperu.com\/index.php\/wp-json\/wp\/v2\/posts\/121458","targetHints":{"allow":["GET"]}}],"collection":[{"href":"https:\/\/elinformanteperu.com\/index.php\/wp-json\/wp\/v2\/posts"}],"about":[{"href":"https:\/\/elinformanteperu.com\/index.php\/wp-json\/wp\/v2\/types\/post"}],"author":[{"embeddable":true,"href":"https:\/\/elinformanteperu.com\/index.php\/wp-json\/wp\/v2\/users\/1"}],"replies":[{"embeddable":true,"href":"https:\/\/elinformanteperu.com\/index.php\/wp-json\/wp\/v2\/comments?post=121458"}],"version-history":[{"count":1,"href":"https:\/\/elinformanteperu.com\/index.php\/wp-json\/wp\/v2\/posts\/121458\/revisions"}],"predecessor-version":[{"id":121459,"href":"https:\/\/elinformanteperu.com\/index.php\/wp-json\/wp\/v2\/posts\/121458\/revisions\/121459"}],"wp:featuredmedia":[{"embeddable":true,"href":"https:\/\/elinformanteperu.com\/index.php\/wp-json\/wp\/v2\/media\/78865"}],"wp:attachment":[{"href":"https:\/\/elinformanteperu.com\/index.php\/wp-json\/wp\/v2\/media?parent=121458"}],"wp:term":[{"taxonomy":"category","embeddable":true,"href":"https:\/\/elinformanteperu.com\/index.php\/wp-json\/wp\/v2\/categories?post=121458"},{"taxonomy":"post_tag","embeddable":true,"href":"https:\/\/elinformanteperu.com\/index.php\/wp-json\/wp\/v2\/tags?post=121458"}],"curies":[{"name":"wp","href":"https:\/\/api.w.org\/{rel}","templated":true}]}}