{"id":121455,"date":"2024-05-24T20:46:34","date_gmt":"2024-05-25T01:46:34","guid":{"rendered":"https:\/\/elinformanteperu.com\/?p=121455"},"modified":"2024-05-24T20:46:34","modified_gmt":"2024-05-25T01:46:34","slug":"dt-de-u-catolica-sobre-kevin-quevedo-arranco-muy-bien-y-ya-esta-muy-adaptado-al-pais","status":"publish","type":"post","link":"https:\/\/elinformanteperu.com\/index.php\/2024\/05\/24\/dt-de-u-catolica-sobre-kevin-quevedo-arranco-muy-bien-y-ya-esta-muy-adaptado-al-pais\/","title":{"rendered":"DT de U. Cat\u00f3lica sobre Kevin Quevedo: \u00abArranc\u00f3 muy bien y ya est\u00e1 muy adaptado al pa\u00eds\u00bb"},"content":{"rendered":"<p><strong><span style=\"color: #000000;\">Jorge C\u00e9lico destac\u00f3 el nivel del peruano en la escuadra ecuatoriana.<\/span><\/strong><\/p>\n<p><span style=\"color: #000000;\"><strong>Lima, 24 de Mayo 2024, (ANDINA).-<\/strong> Despu\u00e9s de brillar en Deportivo Garcilaso en 2023, Kevin Quevedo ha transformado su carrera al unirse a la Universidad Cat\u00f3lica de Ecuador bajo la direcci\u00f3n de Jorge C\u00e9lico. Esta movida al extranjero parece ser permanente, buscando adquirir m\u00e1s experiencia.<\/span><\/p>\n<p><span style=\"color: #000000;\">Hasta ahora, Quevedo ha participado en 17 partidos con la Universidad Cat\u00f3lica: 12 en la Liga Pro y 5 en la Copa Sudamericana. Ha marcado dos goles y ha dado dos asistencias, demostrando ser una pieza clave para el equipo de C\u00e9lico.<\/span><\/p>\n<p><span style=\"color: #000000;\">El futbolista peruano ha sido elogiado por su rendimiento, cumpliendo con las expectativas del t\u00e9cnico argentino, quien tiene una vasta experiencia en el f\u00fatbol ecuatoriano, y destacando su notable adaptaci\u00f3n al equipo.<\/span><\/p>\n<p><span style=\"color: #000000;\">\u201cEmpez\u00f3 con el pie izquierdo, porque lleg\u00f3 a Quito ya para la pretemporada y tuvo que ser operado de una apendicitis. Eso lo margin\u00f3 unos 20 d\u00edas y viaj\u00f3 a Colombia. Nosotros hicimos la pretemporada en Bogot\u00e1 y, lamentablemente, \u00e9l estuvo directamente recuper\u00e1ndose. As\u00ed que, a pesar de eso, arranc\u00f3 muy bien y ya est\u00e1 muy adaptado al pa\u00eds. Est\u00e1 a gusto. Cuando yo hablo con \u00e9l, est\u00e1 feliz aqu\u00ed y en el equipo tambi\u00e9n\u201d, manifest\u00f3.<\/span><\/p>\n<p><span style=\"color: #000000;\">Adem\u00e1s, el t\u00e9cnico revel\u00f3 el motivo por el cual Kevin Quevedo dej\u00f3 de ser titular en los \u00faltimos partidos, \u201c\u00c9l ha salido del equipo simplemente por una lesi\u00f3n en el tal\u00f3n, que ya est\u00e1 mejor. Por ejemplo, va a jugar de titular en el partido clave contra Liga de Quito el s\u00e1bado\u201d.<\/span><\/p>\n<p><span style=\"color: #000000;\">Agreg\u00f3: \u201cHoy en d\u00eda, Quevedo es titular como extremo derecho. En la izquierda juega el chico Ismael D\u00edaz, de la selecci\u00f3n de Panam\u00e1, que es un buen jugador. Como centrodelantero tengo otras dos opciones. A veces, cuando Quevedo tuvo problemas f\u00edsicos, lo reemplazaba Fajardo, un exjugador del Cusco FC\u201d.<\/span><\/p>\n","protected":false},"excerpt":{"rendered":"<p>Jorge C\u00e9lico destac\u00f3 el nivel del peruano en la escuadra ecuatoriana. Lima, 24 de Mayo 2024, (ANDINA).- Despu\u00e9s de brillar en Deportivo Garcilaso en 2023, Kevin Quevedo ha transformado su carrera al unirse a la Universidad Cat\u00f3lica de Ecuador bajo la direcci\u00f3n de Jorge C\u00e9lico. Esta movida al extranjero parece ser permanente, buscando adquirir m\u00e1s [&hellip;]<\/p>\n","protected":false},"author":1,"featured_media":121456,"comment_status":"closed","ping_status":"closed","sticky":false,"template":"","format":"standard","meta":{"rop_custom_images_group":[],"rop_custom_messages_group":[],"rop_publish_now":"initial","rop_publish_now_accounts":[],"rop_publish_now_history":[],"rop_publish_now_status":"pending","footnotes":""},"categories":[8],"tags":[5172,7493],"class_list":["post-121455","post","type-post","status-publish","format-standard","has-post-thumbnail","hentry","category-disciplinas-deportivas","tag-kevin-quevedo","tag-universidad-catolica-de-ecuador"],"_links":{"self":[{"href":"https:\/\/elinformanteperu.com\/index.php\/wp-json\/wp\/v2\/posts\/121455","targetHints":{"allow":["GET"]}}],"collection":[{"href":"https:\/\/elinformanteperu.com\/index.php\/wp-json\/wp\/v2\/posts"}],"about":[{"href":"https:\/\/elinformanteperu.com\/index.php\/wp-json\/wp\/v2\/types\/post"}],"author":[{"embeddable":true,"href":"https:\/\/elinformanteperu.com\/index.php\/wp-json\/wp\/v2\/users\/1"}],"replies":[{"embeddable":true,"href":"https:\/\/elinformanteperu.com\/index.php\/wp-json\/wp\/v2\/comments?post=121455"}],"version-history":[{"count":1,"href":"https:\/\/elinformanteperu.com\/index.php\/wp-json\/wp\/v2\/posts\/121455\/revisions"}],"predecessor-version":[{"id":121457,"href":"https:\/\/elinformanteperu.com\/index.php\/wp-json\/wp\/v2\/posts\/121455\/revisions\/121457"}],"wp:featuredmedia":[{"embeddable":true,"href":"https:\/\/elinformanteperu.com\/index.php\/wp-json\/wp\/v2\/media\/121456"}],"wp:attachment":[{"href":"https:\/\/elinformanteperu.com\/index.php\/wp-json\/wp\/v2\/media?parent=121455"}],"wp:term":[{"taxonomy":"category","embeddable":true,"href":"https:\/\/elinformanteperu.com\/index.php\/wp-json\/wp\/v2\/categories?post=121455"},{"taxonomy":"post_tag","embeddable":true,"href":"https:\/\/elinformanteperu.com\/index.php\/wp-json\/wp\/v2\/tags?post=121455"}],"curies":[{"name":"wp","href":"https:\/\/api.w.org\/{rel}","templated":true}]}}