{"id":121447,"date":"2024-05-24T20:10:01","date_gmt":"2024-05-25T01:10:01","guid":{"rendered":"https:\/\/elinformanteperu.com\/?p=121447"},"modified":"2024-05-24T20:10:01","modified_gmt":"2024-05-25T01:10:01","slug":"no-va-mas-el-barcelona-destituye-a-xavi-hernandez-como-entrenador","status":"publish","type":"post","link":"https:\/\/elinformanteperu.com\/index.php\/2024\/05\/24\/no-va-mas-el-barcelona-destituye-a-xavi-hernandez-como-entrenador\/","title":{"rendered":"\u00a1No va m\u00e1s! El Barcelona destituye a Xavi Hern\u00e1ndez como entrenador"},"content":{"rendered":"<p><span style=\"color: #000000;\"><strong>Barcelona, 24 de Mayo 2024, (ANDINA).-<\/strong> El presidente del FC Barcelona, Joan Laporta, ha comunicado este viernes a Xavi Hern\u00e1ndez que no seguir\u00e1 como entrenador del primer equipo la pr\u00f3xima temporada, seg\u00fan inform\u00f3 la entidad azulgrana en un comunicado.<\/span><\/p>\n<p><span style=\"color: #000000;\">La reuni\u00f3n se ha producido en la Ciudad Deportiva Joan Gamper y tambi\u00e9n han participado en la misma el vicepresidente deportivo, Rafa Yuste, y el director deportivo, Anderson Lu\u00eds de Souza &#8216;Deco&#8217;. As\u00ed como los asistentes de Xavi, \u00d2scar Hern\u00e1ndez y Sergio Alegre.<\/span><\/p>\n<p><span style=\"color: #000000;\">Por tanto, el t\u00e9cnico egarense dirigir\u00e1 este domingo en Sevilla su \u00faltimo partido como entrenador del primer equipo azulgrana.<\/span><\/p>\n<p><span style=\"color: #000000;\">En los pr\u00f3ximos d\u00edas, el club anunciar\u00e1 la nueva estructura t\u00e9cnica, que probablemente dirigir\u00e1 el alem\u00e1n Hansi Flick, con el que se ha estado negociando los \u00faltimos d\u00edas.<\/span><\/p>\n<blockquote class=\"twitter-tweet\">\n<p dir=\"ltr\" lang=\"es\">\u25b6 Comunicado del FC Barcelona <a href=\"https:\/\/t.co\/tQ4BWsczxs\">https:\/\/t.co\/tQ4BWsczxs<\/a><\/p>\n<p>\u2014 FC Barcelona (@FCBarcelona_es) <a href=\"https:\/\/twitter.com\/FCBarcelona_es\/status\/1793972694892843259?ref_src=twsrc%5Etfw\">May 24, 2024<\/a><\/p><\/blockquote>\n<p><script async src=\"https:\/\/platform.twitter.com\/widgets.js\" charset=\"utf-8\"><\/script><\/p>\n","protected":false},"excerpt":{"rendered":"<p>Barcelona, 24 de Mayo 2024, (ANDINA).- El presidente del FC Barcelona, Joan Laporta, ha comunicado este viernes a Xavi Hern\u00e1ndez que no seguir\u00e1 como entrenador del primer equipo la pr\u00f3xima temporada, seg\u00fan inform\u00f3 la entidad azulgrana en un comunicado. La reuni\u00f3n se ha producido en la Ciudad Deportiva Joan Gamper y tambi\u00e9n han participado en [&hellip;]<\/p>\n","protected":false},"author":1,"featured_media":121448,"comment_status":"closed","ping_status":"closed","sticky":false,"template":"","format":"standard","meta":{"rop_custom_images_group":[],"rop_custom_messages_group":[],"rop_publish_now":"initial","rop_publish_now_accounts":[],"rop_publish_now_history":[],"rop_publish_now_status":"pending","footnotes":""},"categories":[8],"tags":[303,5918],"class_list":["post-121447","post","type-post","status-publish","format-standard","has-post-thumbnail","hentry","category-disciplinas-deportivas","tag-barcelona","tag-xavi-hernandez"],"_links":{"self":[{"href":"https:\/\/elinformanteperu.com\/index.php\/wp-json\/wp\/v2\/posts\/121447","targetHints":{"allow":["GET"]}}],"collection":[{"href":"https:\/\/elinformanteperu.com\/index.php\/wp-json\/wp\/v2\/posts"}],"about":[{"href":"https:\/\/elinformanteperu.com\/index.php\/wp-json\/wp\/v2\/types\/post"}],"author":[{"embeddable":true,"href":"https:\/\/elinformanteperu.com\/index.php\/wp-json\/wp\/v2\/users\/1"}],"replies":[{"embeddable":true,"href":"https:\/\/elinformanteperu.com\/index.php\/wp-json\/wp\/v2\/comments?post=121447"}],"version-history":[{"count":1,"href":"https:\/\/elinformanteperu.com\/index.php\/wp-json\/wp\/v2\/posts\/121447\/revisions"}],"predecessor-version":[{"id":121449,"href":"https:\/\/elinformanteperu.com\/index.php\/wp-json\/wp\/v2\/posts\/121447\/revisions\/121449"}],"wp:featuredmedia":[{"embeddable":true,"href":"https:\/\/elinformanteperu.com\/index.php\/wp-json\/wp\/v2\/media\/121448"}],"wp:attachment":[{"href":"https:\/\/elinformanteperu.com\/index.php\/wp-json\/wp\/v2\/media?parent=121447"}],"wp:term":[{"taxonomy":"category","embeddable":true,"href":"https:\/\/elinformanteperu.com\/index.php\/wp-json\/wp\/v2\/categories?post=121447"},{"taxonomy":"post_tag","embeddable":true,"href":"https:\/\/elinformanteperu.com\/index.php\/wp-json\/wp\/v2\/tags?post=121447"}],"curies":[{"name":"wp","href":"https:\/\/api.w.org\/{rel}","templated":true}]}}