{"id":121435,"date":"2024-05-24T02:13:11","date_gmt":"2024-05-24T07:13:11","guid":{"rendered":"https:\/\/elinformanteperu.com\/?p=121435"},"modified":"2024-05-24T02:13:11","modified_gmt":"2024-05-24T07:13:11","slug":"conversatorio-de-santiago-y-rember-yahuarcani","status":"publish","type":"post","link":"https:\/\/elinformanteperu.com\/index.php\/2024\/05\/24\/conversatorio-de-santiago-y-rember-yahuarcani\/","title":{"rendered":"Conversatorio de Santiago y Rember Yahuarcani"},"content":{"rendered":"<p><strong><span style=\"color: #000000;\">Invitados a la muestra \u201cExtranjeros en todas partes\u201d de la Bienal de Venecia<\/span><\/strong><\/p>\n<p><span style=\"color: #000000;\"><strong>Lima, 23 de Mayo 2024, (El Informante Per\u00fa).-<\/strong> El viernes 24 de mayo, a las 12 horas, los artistas Santiago y Rember Yahuarcani, invitados a la muestra \u201cExtranjeros en todas partes\u201d de la edici\u00f3n 60 de la Bienal de Venecia, compartir\u00e1n con el p\u00fablico su experiencia en el referido evento de arte internacional en un conversatorio que se realizar\u00e1 en el Centro Cultural Inca Garcilaso del Ministerio de Relaciones Exteriores (Jr. Ucayali 391, Lima).<\/span><\/p>\n<p><span style=\"color: #000000;\">Santiago Yahuarcani (Pucaurquillo, 1960) no es solamente un artista visual sino un l\u00edder ind\u00edgena del pueblo Uitoto-Aimeni. Su trabajo gira alrededor de las ontolog\u00edas amaz\u00f3nicas y las acciones que da\u00f1aron grave y sistem\u00e1ticamente a los pueblos originarios. Sus obras sobre el sufrimiento y la feroz explotaci\u00f3n ind\u00edgena durante la \u00e9poca del caucho impactaron profundamente en la memoria nacional.<\/span><\/p>\n<p><span style=\"color: #000000;\">Rember Yahuarcani es artista visual, curador, escritor y activista por los derechos y el respeto de las cosmolog\u00edas ind\u00edgenas. Como artista encuentra en la cosmolog\u00eda uitoto un lugar de inspiraci\u00f3n y principalmente en aquellas cosmolog\u00edas relacionadas con la del Clan de la Garza Blanca al que pertenece.<\/span><\/p>\n<p><span style=\"color: #000000;\">La edici\u00f3n 60 de la Bienal de Venecia se inaugur\u00f3 el 20 de abril en la Ciudad de los Canales y culminar\u00e1 el 24 de noviembre. Comisariada por el curador brasile\u00f1o Adriano Pedrosa, tiene como tem\u00e1tica el concepto \u201cExtranjeros en todas partes\u201d. Bajo esa premisa, se abre a propuestas art\u00edsticas que pongan \u00e9nfasis en lo diferente, lo desconocido y lo marginal, para aproximarse a creaciones que rompan los moldes de lo establecido.<\/span><\/p>\n","protected":false},"excerpt":{"rendered":"<p>Invitados a la muestra \u201cExtranjeros en todas partes\u201d de la Bienal de Venecia Lima, 23 de Mayo 2024, (El Informante Per\u00fa).- El viernes 24 de mayo, a las 12 horas, los artistas Santiago y Rember Yahuarcani, invitados a la muestra \u201cExtranjeros en todas partes\u201d de la edici\u00f3n 60 de la Bienal de Venecia, compartir\u00e1n con [&hellip;]<\/p>\n","protected":false},"author":1,"featured_media":121436,"comment_status":"closed","ping_status":"closed","sticky":false,"template":"","format":"standard","meta":{"rop_custom_images_group":[],"rop_custom_messages_group":[],"rop_publish_now":"initial","rop_publish_now_accounts":[],"rop_publish_now_history":[],"rop_publish_now_status":"pending","footnotes":""},"categories":[10],"tags":[294,7492],"class_list":["post-121435","post","type-post","status-publish","format-standard","has-post-thumbnail","hentry","category-actualidad-municipal","tag-cancilleria","tag-centro-cultural-inca-garcilaso"],"_links":{"self":[{"href":"https:\/\/elinformanteperu.com\/index.php\/wp-json\/wp\/v2\/posts\/121435","targetHints":{"allow":["GET"]}}],"collection":[{"href":"https:\/\/elinformanteperu.com\/index.php\/wp-json\/wp\/v2\/posts"}],"about":[{"href":"https:\/\/elinformanteperu.com\/index.php\/wp-json\/wp\/v2\/types\/post"}],"author":[{"embeddable":true,"href":"https:\/\/elinformanteperu.com\/index.php\/wp-json\/wp\/v2\/users\/1"}],"replies":[{"embeddable":true,"href":"https:\/\/elinformanteperu.com\/index.php\/wp-json\/wp\/v2\/comments?post=121435"}],"version-history":[{"count":1,"href":"https:\/\/elinformanteperu.com\/index.php\/wp-json\/wp\/v2\/posts\/121435\/revisions"}],"predecessor-version":[{"id":121437,"href":"https:\/\/elinformanteperu.com\/index.php\/wp-json\/wp\/v2\/posts\/121435\/revisions\/121437"}],"wp:featuredmedia":[{"embeddable":true,"href":"https:\/\/elinformanteperu.com\/index.php\/wp-json\/wp\/v2\/media\/121436"}],"wp:attachment":[{"href":"https:\/\/elinformanteperu.com\/index.php\/wp-json\/wp\/v2\/media?parent=121435"}],"wp:term":[{"taxonomy":"category","embeddable":true,"href":"https:\/\/elinformanteperu.com\/index.php\/wp-json\/wp\/v2\/categories?post=121435"},{"taxonomy":"post_tag","embeddable":true,"href":"https:\/\/elinformanteperu.com\/index.php\/wp-json\/wp\/v2\/tags?post=121435"}],"curies":[{"name":"wp","href":"https:\/\/api.w.org\/{rel}","templated":true}]}}