{"id":121433,"date":"2024-05-24T02:05:26","date_gmt":"2024-05-24T07:05:26","guid":{"rendered":"https:\/\/elinformanteperu.com\/?p=121433"},"modified":"2024-05-24T02:05:26","modified_gmt":"2024-05-24T07:05:26","slug":"poder-judicial-dispuso-que-control-biometrico-de-wilfredo-oscorima-se-realice-en-ayacucho","status":"publish","type":"post","link":"https:\/\/elinformanteperu.com\/index.php\/2024\/05\/24\/poder-judicial-dispuso-que-control-biometrico-de-wilfredo-oscorima-se-realice-en-ayacucho\/","title":{"rendered":"Poder Judicial dispuso que control biom\u00e9trico de Wilfredo Oscorima se realice en Ayacucho"},"content":{"rendered":"<p><span style=\"color: #000000;\"><strong>Lima, 23 de Mayo 2024, (ANDINA).-<\/strong> El S\u00e9ptimo Juzgado de Investigaci\u00f3n Preparatoria Nacional dispuso que el control biom\u00e9trico del investigado Wilfredo Oscorima N\u00fa\u00f1ez se realice en la ciudad de Ayacucho, ya que no mantiene una actividad laboral permanente en Lima.<\/span><\/p>\n<p><span style=\"color: #000000;\">Dicho juzgado analiz\u00f3 el pedido del Ministerio P\u00fablico por incumplimiento de reglas de conducta de Oscorima N\u00fa\u00f1ez, investigado por el delito de colusi\u00f3n y otros<\/span><\/p>\n<p><span style=\"color: #000000;\">Seg\u00fan la Fiscal\u00eda, el gobernador regional de Ayacucho no habr\u00eda cumplido con el control biom\u00e9trico ordenado en su oportunidad y que deb\u00eda cumplirse en Lima.<\/span><\/p>\n<p><span style=\"color: #000000;\">Humberto Abanto, abogado del investigado, solicit\u00f3 que Oscorima N\u00fa\u00f1ez pueda cumplir con el registro biom\u00e9trico en la capital y de manera alternativa en Ayacucho.<\/span><\/p>\n<p><span style=\"color: #000000;\">Abanto dijo que su patrocinado, por su cargo de autoridad regional, viaja con frecuencia a Lima y que su pedido no contraviene ninguna regla, sino que solo pide un ajuste en la realidad.<\/span><\/p>\n<p><span style=\"color: #000000;\">Sin embargo, el Ministerio P\u00fablico se opuso a que el control biom\u00e9trico se realice de manera alternativa. Se\u00f1al\u00f3 que no resulta conveniente que dos distritos judiciales generen registros paralelos porque conllevar\u00eda una dificultad.<\/span><\/p>\n<p><span style=\"color: #000000;\">Adem\u00e1s, advirti\u00f3 que el procesado con esta solicitud buscar\u00eda un tratamiento especial o diferenciado por su calidad de gobernador regional, lo cual infringir\u00eda igualdad ante la ley.<\/span><\/p>\n<p><a href=\"https:\/\/elinformanteperu.com\/wp-content\/uploads\/2024\/04\/wilfredo-oscorima1.jpg\"><img fetchpriority=\"high\" decoding=\"async\" class=\"size-large wp-image-120248 aligncenter\" src=\"https:\/\/elinformanteperu.com\/wp-content\/uploads\/2024\/04\/wilfredo-oscorima1-1024x683.jpg\" alt=\"\" width=\"615\" height=\"410\" srcset=\"https:\/\/elinformanteperu.com\/wp-content\/uploads\/2024\/04\/wilfredo-oscorima1-1024x683.jpg 1024w, https:\/\/elinformanteperu.com\/wp-content\/uploads\/2024\/04\/wilfredo-oscorima1-300x200.jpg 300w, https:\/\/elinformanteperu.com\/wp-content\/uploads\/2024\/04\/wilfredo-oscorima1-768x512.jpg 768w, https:\/\/elinformanteperu.com\/wp-content\/uploads\/2024\/04\/wilfredo-oscorima1-1536x1024.jpg 1536w, https:\/\/elinformanteperu.com\/wp-content\/uploads\/2024\/04\/wilfredo-oscorima1.jpg 1800w\" sizes=\"(max-width: 615px) 100vw, 615px\" \/><\/a><\/p>\n","protected":false},"excerpt":{"rendered":"<p>Lima, 23 de Mayo 2024, (ANDINA).- El S\u00e9ptimo Juzgado de Investigaci\u00f3n Preparatoria Nacional dispuso que el control biom\u00e9trico del investigado Wilfredo Oscorima N\u00fa\u00f1ez se realice en la ciudad de Ayacucho, ya que no mantiene una actividad laboral permanente en Lima. Dicho juzgado analiz\u00f3 el pedido del Ministerio P\u00fablico por incumplimiento de reglas de conducta de [&hellip;]<\/p>\n","protected":false},"author":1,"featured_media":120486,"comment_status":"closed","ping_status":"closed","sticky":false,"template":"","format":"standard","meta":{"rop_custom_images_group":[],"rop_custom_messages_group":[],"rop_publish_now":"initial","rop_publish_now_accounts":[],"rop_publish_now_history":[],"rop_publish_now_status":"pending","footnotes":""},"categories":[5],"tags":[370,163,7433],"class_list":["post-121433","post","type-post","status-publish","format-standard","has-post-thumbnail","hentry","category-actualidad-informativa","tag-ministerio-publico","tag-poder-judicial","tag-wilfredo-oscorima"],"_links":{"self":[{"href":"https:\/\/elinformanteperu.com\/index.php\/wp-json\/wp\/v2\/posts\/121433","targetHints":{"allow":["GET"]}}],"collection":[{"href":"https:\/\/elinformanteperu.com\/index.php\/wp-json\/wp\/v2\/posts"}],"about":[{"href":"https:\/\/elinformanteperu.com\/index.php\/wp-json\/wp\/v2\/types\/post"}],"author":[{"embeddable":true,"href":"https:\/\/elinformanteperu.com\/index.php\/wp-json\/wp\/v2\/users\/1"}],"replies":[{"embeddable":true,"href":"https:\/\/elinformanteperu.com\/index.php\/wp-json\/wp\/v2\/comments?post=121433"}],"version-history":[{"count":1,"href":"https:\/\/elinformanteperu.com\/index.php\/wp-json\/wp\/v2\/posts\/121433\/revisions"}],"predecessor-version":[{"id":121434,"href":"https:\/\/elinformanteperu.com\/index.php\/wp-json\/wp\/v2\/posts\/121433\/revisions\/121434"}],"wp:featuredmedia":[{"embeddable":true,"href":"https:\/\/elinformanteperu.com\/index.php\/wp-json\/wp\/v2\/media\/120486"}],"wp:attachment":[{"href":"https:\/\/elinformanteperu.com\/index.php\/wp-json\/wp\/v2\/media?parent=121433"}],"wp:term":[{"taxonomy":"category","embeddable":true,"href":"https:\/\/elinformanteperu.com\/index.php\/wp-json\/wp\/v2\/categories?post=121433"},{"taxonomy":"post_tag","embeddable":true,"href":"https:\/\/elinformanteperu.com\/index.php\/wp-json\/wp\/v2\/tags?post=121433"}],"curies":[{"name":"wp","href":"https:\/\/api.w.org\/{rel}","templated":true}]}}