{"id":121292,"date":"2024-05-23T00:32:22","date_gmt":"2024-05-23T05:32:22","guid":{"rendered":"https:\/\/elinformanteperu.com\/?p=121292"},"modified":"2024-05-23T00:34:13","modified_gmt":"2024-05-23T05:34:13","slug":"silvana-carrion-en-menos-de-un-mes-se-tendria-primera-sentencia-del-caso-lava-jato","status":"publish","type":"post","link":"https:\/\/elinformanteperu.com\/index.php\/2024\/05\/23\/silvana-carrion-en-menos-de-un-mes-se-tendria-primera-sentencia-del-caso-lava-jato\/","title":{"rendered":"Silvana Carri\u00f3n: en menos de un mes se tendr\u00eda primera sentencia del caso Lava Jato"},"content":{"rendered":"<p><span style=\"color: #000000;\"><strong>Lima, 22 de Mayo 2024, (ANDINA).-<\/strong> La procuradora ad hoc del caso Lava Jato, Silvana Carri\u00f3n, afirm\u00f3 que en menos de un mes se tendr\u00e1 la primera sentencia por hechos actos il\u00edcitos probados durante esta investigaci\u00f3n.<\/span><\/p>\n<p><span style=\"color: #000000;\">Silvana Carri\u00f3n record\u00f3 que el caso Lava Jato coment\u00f3 en el a\u00f1o 2017 se iniciaron las investigaciones, por lo que este a\u00f1os se tendr\u00e1n \u00abdecisiones finales importantes\u00bb.<\/span><\/p>\n<p><span style=\"color: #000000;\">\u00abEsta semana, el lunes, iniciaron los alegatos de clausura del caso bonos soberanos, un caso que proviene del acuerdo de colaboraci\u00f3n con Odebrecht pero que ha tenido otra informaci\u00f3n independiente, hay dos acusados, uno se someti\u00f3 a la terminaci\u00f3n anticipada y el otro a la conclusi\u00f3n de juicio y que tambi\u00e9n confes\u00f3 il\u00edcitos. Esto debe concluir en dos sesiones mas, es probable que en menos de un mes tengamos la primera sentencia del caso Lava Jato\u00bb, dijo en RPP.<\/span><\/p>\n<p><span style=\"color: #000000;\">En ese sentido, explic\u00f3 que el acuerdo de colaboraci\u00f3n con la empresa Odebrecht \u00abest\u00e1 rindiendo frutos\u00bb en los juicios y en las sentencias.<\/span><\/p>\n<p><span style=\"color: #000000;\">Asimismo, precis\u00f3 que en el caso Metro de Lima, que est\u00e1 en juicio, tambi\u00e9n se espera tener una sentencia en el presente a\u00f1o.<\/span><\/p>\n<p><span style=\"color: #000000;\">De igual modo, siendo optimismos en como el Poder Judicial viene llevando el caso Interoce\u00e1nica, \u00abeventualmente se pueda tener una sentencia en este caso\u00bb.<\/span><\/p>\n<p><a href=\"https:\/\/elinformanteperu.com\/wp-content\/uploads\/2019\/06\/odebrecht-fachada.jpg\"><img fetchpriority=\"high\" decoding=\"async\" class=\"size-large wp-image-51753 aligncenter\" src=\"https:\/\/elinformanteperu.com\/wp-content\/uploads\/2019\/06\/odebrecht-fachada-1024x683.jpg\" alt=\"\" width=\"615\" height=\"410\" srcset=\"https:\/\/elinformanteperu.com\/wp-content\/uploads\/2019\/06\/odebrecht-fachada-1024x683.jpg 1024w, https:\/\/elinformanteperu.com\/wp-content\/uploads\/2019\/06\/odebrecht-fachada-300x200.jpg 300w, https:\/\/elinformanteperu.com\/wp-content\/uploads\/2019\/06\/odebrecht-fachada-768x512.jpg 768w, https:\/\/elinformanteperu.com\/wp-content\/uploads\/2019\/06\/odebrecht-fachada-128x85.jpg 128w, https:\/\/elinformanteperu.com\/wp-content\/uploads\/2019\/06\/odebrecht-fachada-32x21.jpg 32w, https:\/\/elinformanteperu.com\/wp-content\/uploads\/2019\/06\/odebrecht-fachada.jpg 1800w\" sizes=\"(max-width: 615px) 100vw, 615px\" \/><\/a><\/p>\n","protected":false},"excerpt":{"rendered":"<p>Lima, 22 de Mayo 2024, (ANDINA).- La procuradora ad hoc del caso Lava Jato, Silvana Carri\u00f3n, afirm\u00f3 que en menos de un mes se tendr\u00e1 la primera sentencia por hechos actos il\u00edcitos probados durante esta investigaci\u00f3n. Silvana Carri\u00f3n record\u00f3 que el caso Lava Jato coment\u00f3 en el a\u00f1o 2017 se iniciaron las investigaciones, por lo [&hellip;]<\/p>\n","protected":false},"author":1,"featured_media":121294,"comment_status":"closed","ping_status":"closed","sticky":false,"template":"","format":"standard","meta":{"rop_custom_images_group":[],"rop_custom_messages_group":[],"rop_publish_now":"initial","rop_publish_now_accounts":[],"rop_publish_now_history":[],"rop_publish_now_status":"pending","footnotes":""},"categories":[5],"tags":[619,163,1584,4738],"class_list":["post-121292","post","type-post","status-publish","format-standard","has-post-thumbnail","hentry","category-actualidad-informativa","tag-odebrecht","tag-poder-judicial","tag-procuraduria","tag-silvana-carrion"],"_links":{"self":[{"href":"https:\/\/elinformanteperu.com\/index.php\/wp-json\/wp\/v2\/posts\/121292","targetHints":{"allow":["GET"]}}],"collection":[{"href":"https:\/\/elinformanteperu.com\/index.php\/wp-json\/wp\/v2\/posts"}],"about":[{"href":"https:\/\/elinformanteperu.com\/index.php\/wp-json\/wp\/v2\/types\/post"}],"author":[{"embeddable":true,"href":"https:\/\/elinformanteperu.com\/index.php\/wp-json\/wp\/v2\/users\/1"}],"replies":[{"embeddable":true,"href":"https:\/\/elinformanteperu.com\/index.php\/wp-json\/wp\/v2\/comments?post=121292"}],"version-history":[{"count":1,"href":"https:\/\/elinformanteperu.com\/index.php\/wp-json\/wp\/v2\/posts\/121292\/revisions"}],"predecessor-version":[{"id":121293,"href":"https:\/\/elinformanteperu.com\/index.php\/wp-json\/wp\/v2\/posts\/121292\/revisions\/121293"}],"wp:featuredmedia":[{"embeddable":true,"href":"https:\/\/elinformanteperu.com\/index.php\/wp-json\/wp\/v2\/media\/121294"}],"wp:attachment":[{"href":"https:\/\/elinformanteperu.com\/index.php\/wp-json\/wp\/v2\/media?parent=121292"}],"wp:term":[{"taxonomy":"category","embeddable":true,"href":"https:\/\/elinformanteperu.com\/index.php\/wp-json\/wp\/v2\/categories?post=121292"},{"taxonomy":"post_tag","embeddable":true,"href":"https:\/\/elinformanteperu.com\/index.php\/wp-json\/wp\/v2\/tags?post=121292"}],"curies":[{"name":"wp","href":"https:\/\/api.w.org\/{rel}","templated":true}]}}