{"id":121271,"date":"2024-05-23T00:05:22","date_gmt":"2024-05-23T05:05:22","guid":{"rendered":"https:\/\/elinformanteperu.com\/?p=121271"},"modified":"2024-05-23T00:05:22","modified_gmt":"2024-05-23T05:05:22","slug":"patricia-benavides-juzgado-posterga-audiencia-de-suspension-temporal-del-cargo","status":"publish","type":"post","link":"https:\/\/elinformanteperu.com\/index.php\/2024\/05\/23\/patricia-benavides-juzgado-posterga-audiencia-de-suspension-temporal-del-cargo\/","title":{"rendered":"Patricia Benavides: juzgado posterga audiencia de suspensi\u00f3n temporal del cargo"},"content":{"rendered":"<p><span style=\"color: #000000;\"><strong>Lima, 22 de Mayo 2024, (ANDINA).-<\/strong> El Juzgado Supremo de Investigaci\u00f3n Preparatoria posterg\u00f3 la audiencia de pedido de suspensi\u00f3n temporal del cargo de fiscal Suprema a Patricia Benavides.<\/span><\/p>\n<p><span style=\"color: #000000;\">Esta decisi\u00f3n, seg\u00fan informa el Poder Judicial, se debe a que el juez Juan Carlos Checkley se inhibi\u00f3 de este caso.<\/span><\/p>\n<p><span style=\"color: #000000;\">En la v\u00edspera, el juez Checkley tom\u00f3 la decisi\u00f3n de inhibirse de este caso debido a que tiene v\u00ednculos directos con las investigaciones en curso que se le siguen a la exfiscal de la Naci\u00f3n Patricia Benavides.<\/span><\/p>\n<p><span style=\"color: #000000;\">Hace algunos d\u00edas, la Fiscal\u00eda Suprema Especializada en Delitos Cometidos por Funcionarios P\u00fablicos, a cargo de la fiscal suprema Delia Espinoza, formul\u00f3 recusaci\u00f3n contra el referido juez supremo.<\/span><\/p>\n<p><span style=\"color: #000000;\">Dicha decisi\u00f3n fue tomada tras incorporar a la investigaci\u00f3n preliminar en calidad de investigado a Checkley Soria, en su condici\u00f3n de juez supremo provisional, como presunto autor de delito de cohecho pasivo espec\u00edfico, en agravio del Estado.<\/span><\/p>\n<p><span style=\"color: #000000;\">En un comunicado la instituci\u00f3n se\u00f1al\u00f3 que se obtuvo informaci\u00f3n que vincula los presuntos pactos il\u00edcitos entre el magistrado Checkley Soria y la investigada Patricia Benavides Vargas para favorecer a la tambi\u00e9n magistrada Enma Rosaura Benavides Vargas.<\/span><\/p>\n<p><a href=\"https:\/\/elinformanteperu.com\/wp-content\/uploads\/2023\/10\/fiscal-patricia-benavides.jpg\"><img fetchpriority=\"high\" decoding=\"async\" class=\"size-large wp-image-117897 aligncenter\" src=\"https:\/\/elinformanteperu.com\/wp-content\/uploads\/2023\/10\/fiscal-patricia-benavides-1024x683.jpg\" alt=\"\" width=\"615\" height=\"410\" srcset=\"https:\/\/elinformanteperu.com\/wp-content\/uploads\/2023\/10\/fiscal-patricia-benavides-1024x683.jpg 1024w, https:\/\/elinformanteperu.com\/wp-content\/uploads\/2023\/10\/fiscal-patricia-benavides-300x200.jpg 300w, https:\/\/elinformanteperu.com\/wp-content\/uploads\/2023\/10\/fiscal-patricia-benavides-768x512.jpg 768w, https:\/\/elinformanteperu.com\/wp-content\/uploads\/2023\/10\/fiscal-patricia-benavides-1536x1024.jpg 1536w, https:\/\/elinformanteperu.com\/wp-content\/uploads\/2023\/10\/fiscal-patricia-benavides.jpg 1800w\" sizes=\"(max-width: 615px) 100vw, 615px\" \/><\/a><\/p>\n","protected":false},"excerpt":{"rendered":"<p>Lima, 22 de Mayo 2024, (ANDINA).- El Juzgado Supremo de Investigaci\u00f3n Preparatoria posterg\u00f3 la audiencia de pedido de suspensi\u00f3n temporal del cargo de fiscal Suprema a Patricia Benavides. Esta decisi\u00f3n, seg\u00fan informa el Poder Judicial, se debe a que el juez Juan Carlos Checkley se inhibi\u00f3 de este caso. En la v\u00edspera, el juez Checkley [&hellip;]<\/p>\n","protected":false},"author":1,"featured_media":121272,"comment_status":"closed","ping_status":"closed","sticky":false,"template":"","format":"standard","meta":{"rop_custom_images_group":[],"rop_custom_messages_group":[],"rop_publish_now":"initial","rop_publish_now_accounts":[],"rop_publish_now_history":[],"rop_publish_now_status":"pending","footnotes":""},"categories":[5],"tags":[7180,163],"class_list":["post-121271","post","type-post","status-publish","format-standard","has-post-thumbnail","hentry","category-actualidad-informativa","tag-patricia-benavides","tag-poder-judicial"],"_links":{"self":[{"href":"https:\/\/elinformanteperu.com\/index.php\/wp-json\/wp\/v2\/posts\/121271","targetHints":{"allow":["GET"]}}],"collection":[{"href":"https:\/\/elinformanteperu.com\/index.php\/wp-json\/wp\/v2\/posts"}],"about":[{"href":"https:\/\/elinformanteperu.com\/index.php\/wp-json\/wp\/v2\/types\/post"}],"author":[{"embeddable":true,"href":"https:\/\/elinformanteperu.com\/index.php\/wp-json\/wp\/v2\/users\/1"}],"replies":[{"embeddable":true,"href":"https:\/\/elinformanteperu.com\/index.php\/wp-json\/wp\/v2\/comments?post=121271"}],"version-history":[{"count":1,"href":"https:\/\/elinformanteperu.com\/index.php\/wp-json\/wp\/v2\/posts\/121271\/revisions"}],"predecessor-version":[{"id":121273,"href":"https:\/\/elinformanteperu.com\/index.php\/wp-json\/wp\/v2\/posts\/121271\/revisions\/121273"}],"wp:featuredmedia":[{"embeddable":true,"href":"https:\/\/elinformanteperu.com\/index.php\/wp-json\/wp\/v2\/media\/121272"}],"wp:attachment":[{"href":"https:\/\/elinformanteperu.com\/index.php\/wp-json\/wp\/v2\/media?parent=121271"}],"wp:term":[{"taxonomy":"category","embeddable":true,"href":"https:\/\/elinformanteperu.com\/index.php\/wp-json\/wp\/v2\/categories?post=121271"},{"taxonomy":"post_tag","embeddable":true,"href":"https:\/\/elinformanteperu.com\/index.php\/wp-json\/wp\/v2\/tags?post=121271"}],"curies":[{"name":"wp","href":"https:\/\/api.w.org\/{rel}","templated":true}]}}