{"id":121117,"date":"2024-05-19T13:56:21","date_gmt":"2024-05-19T18:56:21","guid":{"rendered":"https:\/\/elinformanteperu.com\/?p=121117"},"modified":"2024-05-19T13:56:21","modified_gmt":"2024-05-19T18:56:21","slug":"seleccion-peruana-andy-polo-podra-viajar-a-la-copa-america-2024","status":"publish","type":"post","link":"https:\/\/elinformanteperu.com\/index.php\/2024\/05\/19\/seleccion-peruana-andy-polo-podra-viajar-a-la-copa-america-2024\/","title":{"rendered":"Selecci\u00f3n peruana: \u00bfAndy Polo podr\u00e1 viajar a la Copa Am\u00e9rica 2024?"},"content":{"rendered":"<p><strong><span style=\"color: #000000;\">El futbolista de 29 a\u00f1os ha marcado 3 goles y ha dado 7 asistencias en lo que va del a\u00f1o con la \u00abU\u00bb.<\/span><\/strong><\/p>\n<p><span style=\"color: #000000;\"><strong>Lima, 19 de Mayo 2024, (ANDINA).-<\/strong> Andy Polo est\u00e1 teniendo una excelente temporada con Universitario de Deportes en 2024, lo que ha llevado a muchos a pedir su convocatoria a la Selecci\u00f3n Peruana para la Copa Am\u00e9rica. Sin embargo, este torneo se realizar\u00e1 en Estados Unidos, donde el extremo &#8216;Merengue&#8217; fue hallado responsable en una demanda civil por violencia dom\u00e9stica.<\/span><\/p>\n<p><span style=\"color: #000000;\">Esta situaci\u00f3n ha generado preguntas frecuentes entre los hinchas de la &#8216;Bicolor&#8217;, quienes consideran que Polo podr\u00eda ser una excelente opci\u00f3n para la banda derecha del ataque peruano, pero muchos no tienen clara su situaci\u00f3n legal. Al respecto, el gerente de selecciones, Franco Navarro Mandayo, se pronunci\u00f3 en RPP.<\/span><\/p>\n<p><span style=\"color: #000000;\">\u201cLa informaci\u00f3n que tenemos, siendo respetuosos de las instituciones correspondientes, es que Polo tiene un tema en un estado puntual de Estados Unidos, que no es un estado en el cual la selecci\u00f3n vaya a disputar partidos amistosos u oficiales por la Copa Am\u00e9rica, incluso no es un estado que est\u00e9 dentro de los oficiales del torneo. Por ese lado estamos tranquilos\u201d, manifest\u00f3.<\/span><\/p>\n<p><span style=\"color: #000000;\">Las declaraciones de Navarro brindan esperanza tanto a los hinchas nacionales como al jugador de Universitario de Deportes, quien est\u00e1 atravesando el que podr\u00eda ser su mejor momento futbol\u00edstico desde su debut con el cuadro &#8216;Merengue&#8217; en la temporada 2011.<\/span><\/p>\n<p><strong><span style=\"color: #000000;\">\u00bfCu\u00e1ndo se conocer\u00e1 la lista de convocados?<\/span><\/strong><\/p>\n<p><span style=\"color: #000000;\">Tras el Consejo de Conmebol realizado en Bangkok, se determin\u00f3 que las selecciones podr\u00e1n contar con 26 futbolistas en sus listas de convocados para la Copa Am\u00e9rica 2024. El plazo m\u00e1ximo para que se publiquen las n\u00f3minas es hasta el 15 de junio, sin embargo, los citados de Per\u00fa se conocer\u00edan con anticipaci\u00f3n.<\/span><\/p>\n<p><span style=\"color: #000000;\">\u201cSeg\u00fan reglamento tenemos que inscribir a 55 jugadores en la prelista. De este grupo sale la lista de 26 convocados. Seguro vamos a citar a m\u00e1s jugadores que los 26 por si pasa algo en los duelos amistosos antes de la Copa. La semana que viene estaremos publicando una lista que nos permitir\u00e1 estar cubiertos para el viaje a Estados Unidos\u201d, sostuvo.<\/span><\/p>\n<p><a href=\"https:\/\/elinformanteperu.com\/wp-content\/uploads\/2017\/01\/andy-polo-seleccion.jpg\"><img fetchpriority=\"high\" decoding=\"async\" class=\"size-large wp-image-4430 aligncenter\" src=\"https:\/\/elinformanteperu.com\/wp-content\/uploads\/2017\/01\/andy-polo-seleccion-1024x683.jpg\" alt=\"\" width=\"615\" height=\"410\" srcset=\"https:\/\/elinformanteperu.com\/wp-content\/uploads\/2017\/01\/andy-polo-seleccion-1024x683.jpg 1024w, https:\/\/elinformanteperu.com\/wp-content\/uploads\/2017\/01\/andy-polo-seleccion-300x200.jpg 300w, https:\/\/elinformanteperu.com\/wp-content\/uploads\/2017\/01\/andy-polo-seleccion-768x512.jpg 768w, https:\/\/elinformanteperu.com\/wp-content\/uploads\/2017\/01\/andy-polo-seleccion-128x85.jpg 128w, https:\/\/elinformanteperu.com\/wp-content\/uploads\/2017\/01\/andy-polo-seleccion-32x21.jpg 32w, https:\/\/elinformanteperu.com\/wp-content\/uploads\/2017\/01\/andy-polo-seleccion.jpg 1800w\" sizes=\"(max-width: 615px) 100vw, 615px\" \/><\/a><\/p>\n","protected":false},"excerpt":{"rendered":"<p>El futbolista de 29 a\u00f1os ha marcado 3 goles y ha dado 7 asistencias en lo que va del a\u00f1o con la \u00abU\u00bb. Lima, 19 de Mayo 2024, (ANDINA).- Andy Polo est\u00e1 teniendo una excelente temporada con Universitario de Deportes en 2024, lo que ha llevado a muchos a pedir su convocatoria a la Selecci\u00f3n [&hellip;]<\/p>\n","protected":false},"author":1,"featured_media":121118,"comment_status":"closed","ping_status":"closed","sticky":false,"template":"","format":"standard","meta":{"rop_custom_images_group":[],"rop_custom_messages_group":[],"rop_publish_now":"initial","rop_publish_now_accounts":[],"rop_publish_now_history":[],"rop_publish_now_status":"pending","footnotes":""},"categories":[8],"tags":[797,137,144],"class_list":["post-121117","post","type-post","status-publish","format-standard","has-post-thumbnail","hentry","category-disciplinas-deportivas","tag-andy-polo","tag-seleccion-peruana","tag-universitario-de-deportes"],"_links":{"self":[{"href":"https:\/\/elinformanteperu.com\/index.php\/wp-json\/wp\/v2\/posts\/121117","targetHints":{"allow":["GET"]}}],"collection":[{"href":"https:\/\/elinformanteperu.com\/index.php\/wp-json\/wp\/v2\/posts"}],"about":[{"href":"https:\/\/elinformanteperu.com\/index.php\/wp-json\/wp\/v2\/types\/post"}],"author":[{"embeddable":true,"href":"https:\/\/elinformanteperu.com\/index.php\/wp-json\/wp\/v2\/users\/1"}],"replies":[{"embeddable":true,"href":"https:\/\/elinformanteperu.com\/index.php\/wp-json\/wp\/v2\/comments?post=121117"}],"version-history":[{"count":1,"href":"https:\/\/elinformanteperu.com\/index.php\/wp-json\/wp\/v2\/posts\/121117\/revisions"}],"predecessor-version":[{"id":121119,"href":"https:\/\/elinformanteperu.com\/index.php\/wp-json\/wp\/v2\/posts\/121117\/revisions\/121119"}],"wp:featuredmedia":[{"embeddable":true,"href":"https:\/\/elinformanteperu.com\/index.php\/wp-json\/wp\/v2\/media\/121118"}],"wp:attachment":[{"href":"https:\/\/elinformanteperu.com\/index.php\/wp-json\/wp\/v2\/media?parent=121117"}],"wp:term":[{"taxonomy":"category","embeddable":true,"href":"https:\/\/elinformanteperu.com\/index.php\/wp-json\/wp\/v2\/categories?post=121117"},{"taxonomy":"post_tag","embeddable":true,"href":"https:\/\/elinformanteperu.com\/index.php\/wp-json\/wp\/v2\/tags?post=121117"}],"curies":[{"name":"wp","href":"https:\/\/api.w.org\/{rel}","templated":true}]}}