{"id":121114,"date":"2024-05-19T13:53:22","date_gmt":"2024-05-19T18:53:22","guid":{"rendered":"https:\/\/elinformanteperu.com\/?p=121114"},"modified":"2024-05-19T13:53:22","modified_gmt":"2024-05-19T18:53:22","slug":"orgullo-nacional-kimberly-garcia-gana-el-gran-premio-internacional-cantones","status":"publish","type":"post","link":"https:\/\/elinformanteperu.com\/index.php\/2024\/05\/19\/orgullo-nacional-kimberly-garcia-gana-el-gran-premio-internacional-cantones\/","title":{"rendered":"\u00a1Orgullo nacional! Kimberly Garc\u00eda gana el Gran Premio Internacional Cantones"},"content":{"rendered":"<p><span style=\"color: #000000;\"><strong>Lima, 19 de Mayo 2024, (ANDINA).-<\/strong> La destacada atleta peruana, Kimberly Garc\u00eda, obtuvo la medalla de oro en el Gran Premio Internacional Cantones, que se disput\u00f3 en La Coru\u00f1a, Espa\u00f1a, tras ganar la competencia de los 20 kil\u00f3metros de marcha.<\/span><\/p>\n<p><span style=\"color: #000000;\">\u00abEstoy contenta de volver a ganar el t\u00edtulo. Para m\u00ed es muy emocionante participar aqu\u00ed porque est\u00e1n las mejores del mundo y eso me llena de motivaci\u00f3n\u00bb, declar\u00f3 la atleta, luego de ser campeona.<\/span><\/p>\n<p><span style=\"color: #000000;\">Precis\u00f3 que esa es una competencia preparatoria para saber c\u00f3mo est\u00e1, pues ya falta poco para los Juegos Ol\u00edmpicos, que es a donde esta apuntando.<\/span><\/p>\n<p><span style=\"color: #000000;\">La deportista nacional sigue alimentando su confianza de cara a la cita ol\u00edmpica, que se disputar\u00e1 en Par\u00eds, pues hace una semana logr\u00f3 el Gran Premio Rio Maior de Portugar y hace un mes consigui\u00f3 el Campeonato Mundial de Marcha.<\/span><\/p>\n<p><span style=\"color: #000000;\">&#8216;Kim&#8217;, como se le conoce, hizo 1 hora, 26 minutos y 40 segundos con relaci\u00f3n al tiempo. Esta cifra es igual a la que tuvo en la edici\u00f3n pasada del Gran Premio Internacional Cantones.<\/span><\/p>\n<p><span style=\"color: #000000;\">La marchista es una de las mejores cartas que tiene el deporte peruano con miras a los Juegos Ol\u00edmpicos.<\/span><\/p>\n<blockquote class=\"twitter-tweet\">\n<p dir=\"ltr\" lang=\"es\">\ud83d\udc51 Reina en La Coru\u00f1a<\/p>\n<p>\ud83c\uddf5\ud83c\uddea\ud83d\udcaf Kimberly Garc\u00eda, marchista del Programa Par\u00eds 2024 del IPD, conquist\u00f3 el Gran Premio Internacional Cantones de A Coru\u00f1a, en Espa\u00f1a. La atleta nacional se qued\u00f3 con la medalla de oro \ud83e\udd47 en la prueba de los 20 km.<\/p>\n<p>\u23f1\ufe0f 1h26min40s (igualando su PB) <a href=\"https:\/\/t.co\/b1XpgeiQvd\">pic.twitter.com\/b1XpgeiQvd<\/a><\/p>\n<p>\u2014 ipdperu (@ipdperu) <a href=\"https:\/\/twitter.com\/ipdperu\/status\/1791876468202516799?ref_src=twsrc%5Etfw\">May 18, 2024<\/a><\/p><\/blockquote>\n<p><script async src=\"https:\/\/platform.twitter.com\/widgets.js\" charset=\"utf-8\"><\/script><\/p>\n","protected":false},"excerpt":{"rendered":"<p>Lima, 19 de Mayo 2024, (ANDINA).- La destacada atleta peruana, Kimberly Garc\u00eda, obtuvo la medalla de oro en el Gran Premio Internacional Cantones, que se disput\u00f3 en La Coru\u00f1a, Espa\u00f1a, tras ganar la competencia de los 20 kil\u00f3metros de marcha. \u00abEstoy contenta de volver a ganar el t\u00edtulo. Para m\u00ed es muy emocionante participar aqu\u00ed [&hellip;]<\/p>\n","protected":false},"author":1,"featured_media":115958,"comment_status":"closed","ping_status":"closed","sticky":false,"template":"","format":"standard","meta":{"rop_custom_images_group":[],"rop_custom_messages_group":[],"rop_publish_now":"initial","rop_publish_now_accounts":[],"rop_publish_now_history":[],"rop_publish_now_status":"pending","footnotes":""},"categories":[8],"tags":[417,583],"class_list":["post-121114","post","type-post","status-publish","format-standard","has-post-thumbnail","hentry","category-disciplinas-deportivas","tag-ipd","tag-kimberly-garcia"],"_links":{"self":[{"href":"https:\/\/elinformanteperu.com\/index.php\/wp-json\/wp\/v2\/posts\/121114","targetHints":{"allow":["GET"]}}],"collection":[{"href":"https:\/\/elinformanteperu.com\/index.php\/wp-json\/wp\/v2\/posts"}],"about":[{"href":"https:\/\/elinformanteperu.com\/index.php\/wp-json\/wp\/v2\/types\/post"}],"author":[{"embeddable":true,"href":"https:\/\/elinformanteperu.com\/index.php\/wp-json\/wp\/v2\/users\/1"}],"replies":[{"embeddable":true,"href":"https:\/\/elinformanteperu.com\/index.php\/wp-json\/wp\/v2\/comments?post=121114"}],"version-history":[{"count":1,"href":"https:\/\/elinformanteperu.com\/index.php\/wp-json\/wp\/v2\/posts\/121114\/revisions"}],"predecessor-version":[{"id":121116,"href":"https:\/\/elinformanteperu.com\/index.php\/wp-json\/wp\/v2\/posts\/121114\/revisions\/121116"}],"wp:featuredmedia":[{"embeddable":true,"href":"https:\/\/elinformanteperu.com\/index.php\/wp-json\/wp\/v2\/media\/115958"}],"wp:attachment":[{"href":"https:\/\/elinformanteperu.com\/index.php\/wp-json\/wp\/v2\/media?parent=121114"}],"wp:term":[{"taxonomy":"category","embeddable":true,"href":"https:\/\/elinformanteperu.com\/index.php\/wp-json\/wp\/v2\/categories?post=121114"},{"taxonomy":"post_tag","embeddable":true,"href":"https:\/\/elinformanteperu.com\/index.php\/wp-json\/wp\/v2\/tags?post=121114"}],"curies":[{"name":"wp","href":"https:\/\/api.w.org\/{rel}","templated":true}]}}