{"id":121109,"date":"2024-05-19T13:46:49","date_gmt":"2024-05-19T18:46:49","guid":{"rendered":"https:\/\/elinformanteperu.com\/?p=121109"},"modified":"2024-05-19T13:46:49","modified_gmt":"2024-05-19T18:46:49","slug":"alianza-lima-conoce-la-gravedad-de-los-futbolistas-lesionados","status":"publish","type":"post","link":"https:\/\/elinformanteperu.com\/index.php\/2024\/05\/19\/alianza-lima-conoce-la-gravedad-de-los-futbolistas-lesionados\/","title":{"rendered":"Alianza Lima: Conoce la gravedad de los futbolistas lesionados"},"content":{"rendered":"<p><strong><span style=\"color: #000000;\">La escuadra \u00abBlanquiazul\u00bb sigue sufriendo bajas en esta temporada 2024.<\/span><\/strong><\/p>\n<p><span style=\"color: #000000;\"><strong>Lima, 19 de Mayo 2024, (ANDINA).-<\/strong> Alianza Lima aspira a terminar la primera parte de la temporada de la mejor manera posible, pero deber\u00e1 hacerlo enfrentando un &#8216;problema conocido&#8217; para el club: nuevas lesiones. Desde el club informaron sobre la situaci\u00f3n de tres jugadores importantes del plantel.<\/span><\/p>\n<p><span style=\"color: #000000;\">Estos jugadores, que se perder\u00e1n los \u00faltimos dos partidos del Torneo Apertura de la Liga 1, son el arquero \u00c1ngelo Campos, el defensor Jiovany Ramos y el extremo Gabriel Costa. Seg\u00fan informaron desde La Victoria, los dos primeros comparten la misma lesi\u00f3n.<\/span><\/p>\n<p><span style=\"color: #000000;\">(Campos y Ramos sufrieron) esguince de segundo grado del ligamento interno. Se encuentran realizando trabajos de rehabilitaci\u00f3n bajo el cuidado y supervisi\u00f3n del \u00e1rea m\u00e9dica del club\u00bb, escribieron.<\/span><\/p>\n<p><span style=\"color: #000000;\">Sobre el caso particular de Costa, que adem\u00e1s ya se ha perdido los \u00faltimos partidos de los aliancistas detallaron: \u00abFue sometido a una artroscop\u00eda por una lesi\u00f3n de cart\u00edlago. Se encuentra realizando trabajos de rehabilitaci\u00f3n bajo el cuidado y supervisi\u00f3n del \u00e1rea m\u00e9dica del club\u00bb. Su ausencia ser\u00eda de seis semanas.<\/span><\/p>\n<p><span style=\"color: #000000;\">Quedan solo dos fechas para el final del Apertura, tras lo cual habr\u00e1 una pausa en el campeonato debido a la Copa Am\u00e9rica 2024 en los Estados Unidos. Por esta raz\u00f3n, el comando t\u00e9cnico de Alejandro Restrepo conf\u00eda en poder contar con estos tres futbolistas para el Torneo Clausura.<\/span><\/p>\n<p><span style=\"color: #000000;\">Sin embargo, la principal tarea del entrenador y del equipo &#8216;blanquiazul&#8217; ser\u00e1 encontrar los reemplazos adecuados para el importante encuentro contra Fluminense en Brasil, ya que los victorianos todav\u00eda tienen posibilidades de ingresar a la Sudamericana o incluso clasificar a los octavos de final de la Libertadores.<\/span><\/p>\n<blockquote class=\"twitter-tweet\">\n<p dir=\"ltr\" lang=\"es\">\ud835\udde3\ud835\uddd4\ud835\udde5\ud835\udde7\ud835\uddd8 \ud835\udde0\ud835\uddd8\u0301\ud835\uddd7\ud835\udddc\ud835\uddd6\ud835\udde2. \ud83e\ude7a<a href=\"https:\/\/twitter.com\/hashtag\/ConAlianzaSiempre?src=hash&amp;ref_src=twsrc%5Etfw\">#ConAlianzaSiempre<\/a> <a href=\"https:\/\/t.co\/LKd7qlZJBu\">pic.twitter.com\/LKd7qlZJBu<\/a><\/p>\n<p>\u2014 Club Alianza Lima (@ClubALoficial) <a href=\"https:\/\/twitter.com\/ClubALoficial\/status\/1791580680591458534?ref_src=twsrc%5Etfw\">May 17, 2024<\/a><\/p><\/blockquote>\n<p><script async src=\"https:\/\/platform.twitter.com\/widgets.js\" charset=\"utf-8\"><\/script><\/p>\n","protected":false},"excerpt":{"rendered":"<p>La escuadra \u00abBlanquiazul\u00bb sigue sufriendo bajas en esta temporada 2024. Lima, 19 de Mayo 2024, (ANDINA).- Alianza Lima aspira a terminar la primera parte de la temporada de la mejor manera posible, pero deber\u00e1 hacerlo enfrentando un &#8216;problema conocido&#8217; para el club: nuevas lesiones. Desde el club informaron sobre la situaci\u00f3n de tres jugadores importantes [&hellip;]<\/p>\n","protected":false},"author":1,"featured_media":121110,"comment_status":"closed","ping_status":"closed","sticky":false,"template":"","format":"standard","meta":{"rop_custom_images_group":[],"rop_custom_messages_group":[],"rop_publish_now":"initial","rop_publish_now_accounts":[],"rop_publish_now_history":[],"rop_publish_now_status":"pending","footnotes":""},"categories":[8],"tags":[91],"class_list":["post-121109","post","type-post","status-publish","format-standard","has-post-thumbnail","hentry","category-disciplinas-deportivas","tag-alianza-lima"],"_links":{"self":[{"href":"https:\/\/elinformanteperu.com\/index.php\/wp-json\/wp\/v2\/posts\/121109","targetHints":{"allow":["GET"]}}],"collection":[{"href":"https:\/\/elinformanteperu.com\/index.php\/wp-json\/wp\/v2\/posts"}],"about":[{"href":"https:\/\/elinformanteperu.com\/index.php\/wp-json\/wp\/v2\/types\/post"}],"author":[{"embeddable":true,"href":"https:\/\/elinformanteperu.com\/index.php\/wp-json\/wp\/v2\/users\/1"}],"replies":[{"embeddable":true,"href":"https:\/\/elinformanteperu.com\/index.php\/wp-json\/wp\/v2\/comments?post=121109"}],"version-history":[{"count":1,"href":"https:\/\/elinformanteperu.com\/index.php\/wp-json\/wp\/v2\/posts\/121109\/revisions"}],"predecessor-version":[{"id":121111,"href":"https:\/\/elinformanteperu.com\/index.php\/wp-json\/wp\/v2\/posts\/121109\/revisions\/121111"}],"wp:featuredmedia":[{"embeddable":true,"href":"https:\/\/elinformanteperu.com\/index.php\/wp-json\/wp\/v2\/media\/121110"}],"wp:attachment":[{"href":"https:\/\/elinformanteperu.com\/index.php\/wp-json\/wp\/v2\/media?parent=121109"}],"wp:term":[{"taxonomy":"category","embeddable":true,"href":"https:\/\/elinformanteperu.com\/index.php\/wp-json\/wp\/v2\/categories?post=121109"},{"taxonomy":"post_tag","embeddable":true,"href":"https:\/\/elinformanteperu.com\/index.php\/wp-json\/wp\/v2\/tags?post=121109"}],"curies":[{"name":"wp","href":"https:\/\/api.w.org\/{rel}","templated":true}]}}