{"id":121106,"date":"2024-05-19T13:42:45","date_gmt":"2024-05-19T18:42:45","guid":{"rendered":"https:\/\/elinformanteperu.com\/?p=121106"},"modified":"2024-05-19T13:42:45","modified_gmt":"2024-05-19T18:42:45","slug":"gian-marco-presento-su-nuevo-disco-junto-a-familiares-fans-y-amigos","status":"publish","type":"post","link":"https:\/\/elinformanteperu.com\/index.php\/2024\/05\/19\/gian-marco-presento-su-nuevo-disco-junto-a-familiares-fans-y-amigos\/","title":{"rendered":"Gian Marco present\u00f3 su nuevo disco junto a familiares, fans y amigos"},"content":{"rendered":"<p><span style=\"color: #000000;\"><strong>Lima, 19 de Mayo 2024, (ANDINA).-<\/strong> Gian Marco est\u00e1 de regreso a casa y con su gente y as\u00ed present\u00f3 su disco n\u00famero 17 \u201cA\u00fan me sigo encontrando\u201d en uno de los escenarios m\u00e1s importantes del Per\u00fa, el Teatro Municipal de Lima, acompa\u00f1ado de su familia, amigos, club de fans e invitados especiales.<\/span><\/p>\n<p><span style=\"color: #000000;\">Entre los asistentes que llegaron hasta el primer escenario de las artes se pudieron ver a la maestra Eva Ayll\u00f3n, quien es una de las personas m\u00e1s queridas y cercanas a Gian Marco, su mam\u00e1 Regina Alcover, su menor hija Abril Zignago, M\u00f3nica Delta, Emilia Drago, Natalia M\u00e1laga, Diego Lombardi, Mauricio Mesones; entre otros.<\/span><\/p>\n<p><span style=\"color: #000000;\">Luego de haber lanzado este nuevo trabajo en un evento similar en Miami, donde asistieron importantes figuras de la industria musical latina, Gian Marco regres\u00f3 a Lima y ofreci\u00f3 una presentaci\u00f3n especial que qued\u00f3 grabada en el recuerdo de todos los asistentes.<\/span><\/p>\n<p><span style=\"color: #000000;\">El artista peruano interpret\u00f3 las once canciones que componen este nuevo trabajo, Aun Me Sigo Encontrando es para muchos la producci\u00f3n m\u00e1s importante en la carrera del exitoso m\u00fasico, por las colaboraciones con artistas como Rub\u00e9n Blades, Silvio Rodr\u00edguez, Luis Enrique, Andr\u00e9s Cepeda, Mike Bah\u00eda, Leonel Garc\u00eda, Daniela Darcourt y Catalina Garc\u00eda.<\/span><\/p>\n<p><span style=\"color: #000000;\">Este disco es tambi\u00e9n la oportunidad perfecta para que pueda por primera vez incursionar en otros g\u00e9neros como la salsa.<\/span><\/p>\n<p><span style=\"color: #000000;\">\u201cAgradezco a todos por estar aqu\u00ed, yo crec\u00ed en un teatro gracias a mi madre as\u00ed que presentarles este disco en el Teatro Municipal es emocionante y me hace muy feliz. Gracias por estar aqu\u00ed hoy conmigo, algunos por estar tantos a\u00f1os a mi lado, este es un momento muy especial para m\u00ed\u201d, se\u00f1al\u00f3 Gian Marco<\/span><\/p>\n<p><span style=\"color: #000000;\">Fueron dos horas de m\u00fasica y muchas emociones, con un p\u00fablico que se entreg\u00f3 desde el primer minuto al talento de uno de los artistas peruanos m\u00e1s importantes a nivel mundial.<\/span><\/p>\n<p><span style=\"color: #000000;\">Uno de los momentos m\u00e1s emotivos fue cuando Gian Marco interpret\u00f3 Los Sue\u00f1os de tu vida, canci\u00f3n dedicada a su hija Abril y que en el disco canta a d\u00fao con Silvio Rodr\u00edguez. Un sue\u00f1o hecho realidad para el cantante peruano que desde siempre manifest\u00f3 su admiraci\u00f3n por el artista cubano.<\/span><\/p>\n<p><span style=\"color: #000000;\">Al finalizar el show Gian Marco junto a sus m\u00fasicos recibieron una ovaci\u00f3n de varios minutos de un p\u00fablico que revalid\u00f3 el talento del artista peruano y confirm\u00f3 que sigue siendo uno de los mejores cantantes y compositores que tiene el Per\u00fa a nivel mundial.<\/span><\/p>\n<p><span style=\"color: #000000;\">Aun Me Sigo Encontrando ya est\u00e1 disponible en todas las plataformas digitales.<\/span><\/p>\n","protected":false},"excerpt":{"rendered":"<p>Lima, 19 de Mayo 2024, (ANDINA).- Gian Marco est\u00e1 de regreso a casa y con su gente y as\u00ed present\u00f3 su disco n\u00famero 17 \u201cA\u00fan me sigo encontrando\u201d en uno de los escenarios m\u00e1s importantes del Per\u00fa, el Teatro Municipal de Lima, acompa\u00f1ado de su familia, amigos, club de fans e invitados especiales. Entre los [&hellip;]<\/p>\n","protected":false},"author":1,"featured_media":121107,"comment_status":"closed","ping_status":"closed","sticky":false,"template":"","format":"standard","meta":{"rop_custom_images_group":[],"rop_custom_messages_group":[],"rop_publish_now":"initial","rop_publish_now_accounts":[],"rop_publish_now_history":[],"rop_publish_now_status":"pending","footnotes":""},"categories":[69],"tags":[6263,2046,1094],"class_list":["post-121106","post","type-post","status-publish","format-standard","has-post-thumbnail","hentry","category-musica","tag-conciertos","tag-gian-marco","tag-gian-marco-zignago"],"_links":{"self":[{"href":"https:\/\/elinformanteperu.com\/index.php\/wp-json\/wp\/v2\/posts\/121106","targetHints":{"allow":["GET"]}}],"collection":[{"href":"https:\/\/elinformanteperu.com\/index.php\/wp-json\/wp\/v2\/posts"}],"about":[{"href":"https:\/\/elinformanteperu.com\/index.php\/wp-json\/wp\/v2\/types\/post"}],"author":[{"embeddable":true,"href":"https:\/\/elinformanteperu.com\/index.php\/wp-json\/wp\/v2\/users\/1"}],"replies":[{"embeddable":true,"href":"https:\/\/elinformanteperu.com\/index.php\/wp-json\/wp\/v2\/comments?post=121106"}],"version-history":[{"count":1,"href":"https:\/\/elinformanteperu.com\/index.php\/wp-json\/wp\/v2\/posts\/121106\/revisions"}],"predecessor-version":[{"id":121108,"href":"https:\/\/elinformanteperu.com\/index.php\/wp-json\/wp\/v2\/posts\/121106\/revisions\/121108"}],"wp:featuredmedia":[{"embeddable":true,"href":"https:\/\/elinformanteperu.com\/index.php\/wp-json\/wp\/v2\/media\/121107"}],"wp:attachment":[{"href":"https:\/\/elinformanteperu.com\/index.php\/wp-json\/wp\/v2\/media?parent=121106"}],"wp:term":[{"taxonomy":"category","embeddable":true,"href":"https:\/\/elinformanteperu.com\/index.php\/wp-json\/wp\/v2\/categories?post=121106"},{"taxonomy":"post_tag","embeddable":true,"href":"https:\/\/elinformanteperu.com\/index.php\/wp-json\/wp\/v2\/tags?post=121106"}],"curies":[{"name":"wp","href":"https:\/\/api.w.org\/{rel}","templated":true}]}}