{"id":121103,"date":"2024-05-19T13:41:16","date_gmt":"2024-05-19T18:41:16","guid":{"rendered":"https:\/\/elinformanteperu.com\/?p=121103"},"modified":"2024-05-19T13:41:16","modified_gmt":"2024-05-19T18:41:16","slug":"marcos-llunas-quedo-impresionado-en-su-visita-al-teatro-municipal","status":"publish","type":"post","link":"https:\/\/elinformanteperu.com\/index.php\/2024\/05\/19\/marcos-llunas-quedo-impresionado-en-su-visita-al-teatro-municipal\/","title":{"rendered":"Marcos Llunas quedo impresionado en su visita al Teatro Municipal"},"content":{"rendered":"<p><strong><span style=\"color: #000000;\">En donde cantar\u00e1 este 25 de mayo, a las 20:00 horas<\/span><\/strong><\/p>\n<p><span style=\"color: #000000;\"><strong>Lima, 19 de Mayo 2024, (ANDINA).-<\/strong> El cantautor espa\u00f1ol Marcos Llunas estuvo de paso por Lima para realizar una serie de actividades para su propuesta \u201cSinfon\u00eda para Mam\u00e1\u201d, que se realizar\u00e1 este s\u00e1bado 25 de mayo a las 8 de la noche en el Teatro Municipal de Lima<\/span><\/p>\n<p><span style=\"color: #000000;\">\u201cInvito a todos mis fans que vengan con la mam\u00e1 o con la familia a disfrutar de un espect\u00e1culo que nunca olvidar\u00e1n. No pens\u00e9 que el Municipal tuviera tan buena energ\u00eda donde han pasado los mejores shows, les aseguro que la vamos a pasar genial\u201d, expres\u00f3 el espa\u00f1ol.<\/span><\/p>\n<p><span style=\"color: #000000;\">Llunas vuelve al Per\u00fa tras el \u00e9xito realizado en shows en mayo del 2023 con \u201c3 Generaciones, un coraz\u00f3n\u201d junto a su pap\u00e1 Dyango y su hijo Axel, que form\u00f3 parte de una gira despu\u00e9s de haberse presentado en el teatro Gran Rex en Argentina y en Movistar Arena en Chile, respectivamente.<\/span><\/p>\n<p><span style=\"color: #000000;\">Luego en octubre retorn\u00f3 a Lima para celebrar sus 30 a\u00f1os de vida art\u00edstica en el Teatro Segura, ambos con sold out y en esta oportunidad espera repetir la gran acogida con este espect\u00e1culo dedicado al mes de la madre.<\/span><\/p>\n<p><span style=\"color: #000000;\">El int\u00e9rprete estar\u00e1 acompa\u00f1ado de sus m\u00fasicos y un marco sinf\u00f3nico, interpretando sus mejores \u00e9xitos de siempre y un lindo homenaje a mam\u00e1 con las canciones de su padre Dyango.<\/span><\/p>\n<p><span style=\"color: #000000;\">Cabe recordar que el espa\u00f1ol lanz\u00f3 su primer disco \u201cMarcos Llunas\u201d en el a\u00f1o 1993 alcanzando platino en M\u00e9xico y en gran parte de pa\u00edses de Am\u00e9rica Latina, EEUU Y Espa\u00f1a con canciones como \u201cReconquistarte\u201d, \u201cVida\u201d, \u201cVale la pena\u201d, \u201cComo una nube\u201d, \u201cEres mi debilidad\u201d, \u201cPara olvidar\u201d, entre otros.<\/span><\/p>\n<p><span style=\"color: #000000;\">Entradas a la venta en Teleticket. Informes al 989 247 999.<\/span><\/p>\n","protected":false},"excerpt":{"rendered":"<p>En donde cantar\u00e1 este 25 de mayo, a las 20:00 horas Lima, 19 de Mayo 2024, (ANDINA).- El cantautor espa\u00f1ol Marcos Llunas estuvo de paso por Lima para realizar una serie de actividades para su propuesta \u201cSinfon\u00eda para Mam\u00e1\u201d, que se realizar\u00e1 este s\u00e1bado 25 de mayo a las 8 de la noche en el [&hellip;]<\/p>\n","protected":false},"author":1,"featured_media":121104,"comment_status":"closed","ping_status":"closed","sticky":false,"template":"","format":"standard","meta":{"rop_custom_images_group":[],"rop_custom_messages_group":[],"rop_publish_now":"initial","rop_publish_now_accounts":[],"rop_publish_now_history":[],"rop_publish_now_status":"pending","footnotes":""},"categories":[69],"tags":[6263,7359,6927,7469],"class_list":["post-121103","post","type-post","status-publish","format-standard","has-post-thumbnail","hentry","category-musica","tag-conciertos","tag-conciertos-2024","tag-conciertos-peru","tag-marcos-llunas"],"_links":{"self":[{"href":"https:\/\/elinformanteperu.com\/index.php\/wp-json\/wp\/v2\/posts\/121103","targetHints":{"allow":["GET"]}}],"collection":[{"href":"https:\/\/elinformanteperu.com\/index.php\/wp-json\/wp\/v2\/posts"}],"about":[{"href":"https:\/\/elinformanteperu.com\/index.php\/wp-json\/wp\/v2\/types\/post"}],"author":[{"embeddable":true,"href":"https:\/\/elinformanteperu.com\/index.php\/wp-json\/wp\/v2\/users\/1"}],"replies":[{"embeddable":true,"href":"https:\/\/elinformanteperu.com\/index.php\/wp-json\/wp\/v2\/comments?post=121103"}],"version-history":[{"count":1,"href":"https:\/\/elinformanteperu.com\/index.php\/wp-json\/wp\/v2\/posts\/121103\/revisions"}],"predecessor-version":[{"id":121105,"href":"https:\/\/elinformanteperu.com\/index.php\/wp-json\/wp\/v2\/posts\/121103\/revisions\/121105"}],"wp:featuredmedia":[{"embeddable":true,"href":"https:\/\/elinformanteperu.com\/index.php\/wp-json\/wp\/v2\/media\/121104"}],"wp:attachment":[{"href":"https:\/\/elinformanteperu.com\/index.php\/wp-json\/wp\/v2\/media?parent=121103"}],"wp:term":[{"taxonomy":"category","embeddable":true,"href":"https:\/\/elinformanteperu.com\/index.php\/wp-json\/wp\/v2\/categories?post=121103"},{"taxonomy":"post_tag","embeddable":true,"href":"https:\/\/elinformanteperu.com\/index.php\/wp-json\/wp\/v2\/tags?post=121103"}],"curies":[{"name":"wp","href":"https:\/\/api.w.org\/{rel}","templated":true}]}}