{"id":121096,"date":"2024-05-19T13:29:50","date_gmt":"2024-05-19T18:29:50","guid":{"rendered":"https:\/\/elinformanteperu.com\/?p=121096"},"modified":"2024-05-19T13:30:43","modified_gmt":"2024-05-19T18:30:43","slug":"presidenta-boluarte-nuestro-compromiso-con-la-salud-es-irrenunciable","status":"publish","type":"post","link":"https:\/\/elinformanteperu.com\/index.php\/2024\/05\/19\/presidenta-boluarte-nuestro-compromiso-con-la-salud-es-irrenunciable\/","title":{"rendered":"Presidenta Boluarte: nuestro compromiso con la salud es irrenunciable"},"content":{"rendered":"<p><strong><span style=\"color: #000000;\">Adem\u00e1s, reiter\u00f3 su llamado a la unidad de todos los peruanos<\/span><\/strong><\/p>\n<p><span style=\"color: #000000;\"><strong>Lima, 19 de Mayo 2024, (ANDINA).-<\/strong> La presidenta de la rep\u00fablica, Dina Ercilia Boluarte Zegarra, ratific\u00f3 el compromiso de su gobierno con la salud y bienestar de todos los peruanos, pero sobre todo de la poblaci\u00f3n m\u00e1s vulnerable.<\/span><\/p>\n<p><span style=\"color: #000000;\">\u00abNuestro compromiso con la salud es irrenunciable, la verdadera democracia se construye asegurando que cada persona tenga acceso a recursos fundamentales para una vida digna y eso empieza con la salud\u00bb, se\u00f1al\u00f3 la jefa de Estado durante la ceremonia de promulgaci\u00f3n de la ley que garantiza y promueve el acceso y uso de medicamentos gen\u00e9ricos .<\/span><\/p>\n<p><span style=\"color: #000000;\">La mandataria subray\u00f3 que la salud es un derecho y que con la promulgaci\u00f3n de la norma se avanza hacia un pa\u00eds con mayor equidad, dignidad y justicia social.<\/span><\/p>\n<p><span style=\"color: #000000;\">\u00abTenemos una visi\u00f3n clara, ning\u00fan peruano debe postergar su salud debido al costo de medicamentos\u00bb, afirm\u00f3.<\/span><\/p>\n<p><span style=\"color: #000000;\">Resalt\u00f3 que la ley fortalece la regulaci\u00f3n de productos farmac\u00e9uticos, adem\u00e1s de establecer la obligaci\u00f3n de mantener un stock m\u00ednimo de medicamentos gen\u00e9ricos en todo el sector privado a nivel nacional.<\/span><\/p>\n<p><span style=\"color: #000000;\">Asimismo, refiri\u00f3 que con la promulgaci\u00f3n de la norma se ratifica el compromiso del gobierno de lucha contra las pr\u00e1cticas monop\u00f3licas y de segmentaci\u00f3n del mercado.<\/span><\/p>\n<p><strong><span style=\"color: #000000;\">Pacto por la gobernabilidad<\/span><\/strong><\/p>\n<p><span style=\"color: #000000;\">La presidenta de la rep\u00fablica tambi\u00e9n hizo un llamado a un pacto por la gobernabilidad y por la democracia a todas las autoridades y poblaci\u00f3n del pa\u00eds, dejando atr\u00e1s las voces que dividen.<\/span><\/p>\n<p><span style=\"color: #000000;\">\u00abEl pa\u00eds demanda la unidad de sus autoridades para seguir adelante\u00bb, asever\u00f3.<\/span><\/p>\n<p><span style=\"color: #000000;\">La jefa de Estado estuvo acompa\u00f1a del presidente del Consejo de Ministros, Gustavo Adrianz\u00e9n; del ministro de Salud, C\u00e9sar V\u00e1squez, as\u00ed como los congresista Patricia Ju\u00e1rez y Wilson Soto.<\/span><\/p>\n","protected":false},"excerpt":{"rendered":"<p>Adem\u00e1s, reiter\u00f3 su llamado a la unidad de todos los peruanos Lima, 19 de Mayo 2024, (ANDINA).- La presidenta de la rep\u00fablica, Dina Ercilia Boluarte Zegarra, ratific\u00f3 el compromiso de su gobierno con la salud y bienestar de todos los peruanos, pero sobre todo de la poblaci\u00f3n m\u00e1s vulnerable. \u00abNuestro compromiso con la salud es [&hellip;]<\/p>\n","protected":false},"author":1,"featured_media":121097,"comment_status":"closed","ping_status":"closed","sticky":false,"template":"","format":"standard","meta":{"rop_custom_images_group":[],"rop_custom_messages_group":[],"rop_publish_now":"initial","rop_publish_now_accounts":[],"rop_publish_now_history":[],"rop_publish_now_status":"pending","footnotes":""},"categories":[5],"tags":[6528],"class_list":["post-121096","post","type-post","status-publish","format-standard","has-post-thumbnail","hentry","category-actualidad-informativa","tag-dina-boluarte"],"_links":{"self":[{"href":"https:\/\/elinformanteperu.com\/index.php\/wp-json\/wp\/v2\/posts\/121096","targetHints":{"allow":["GET"]}}],"collection":[{"href":"https:\/\/elinformanteperu.com\/index.php\/wp-json\/wp\/v2\/posts"}],"about":[{"href":"https:\/\/elinformanteperu.com\/index.php\/wp-json\/wp\/v2\/types\/post"}],"author":[{"embeddable":true,"href":"https:\/\/elinformanteperu.com\/index.php\/wp-json\/wp\/v2\/users\/1"}],"replies":[{"embeddable":true,"href":"https:\/\/elinformanteperu.com\/index.php\/wp-json\/wp\/v2\/comments?post=121096"}],"version-history":[{"count":1,"href":"https:\/\/elinformanteperu.com\/index.php\/wp-json\/wp\/v2\/posts\/121096\/revisions"}],"predecessor-version":[{"id":121098,"href":"https:\/\/elinformanteperu.com\/index.php\/wp-json\/wp\/v2\/posts\/121096\/revisions\/121098"}],"wp:featuredmedia":[{"embeddable":true,"href":"https:\/\/elinformanteperu.com\/index.php\/wp-json\/wp\/v2\/media\/121097"}],"wp:attachment":[{"href":"https:\/\/elinformanteperu.com\/index.php\/wp-json\/wp\/v2\/media?parent=121096"}],"wp:term":[{"taxonomy":"category","embeddable":true,"href":"https:\/\/elinformanteperu.com\/index.php\/wp-json\/wp\/v2\/categories?post=121096"},{"taxonomy":"post_tag","embeddable":true,"href":"https:\/\/elinformanteperu.com\/index.php\/wp-json\/wp\/v2\/tags?post=121096"}],"curies":[{"name":"wp","href":"https:\/\/api.w.org\/{rel}","templated":true}]}}