{"id":120810,"date":"2024-05-09T21:38:12","date_gmt":"2024-05-10T02:38:12","guid":{"rendered":"https:\/\/elinformanteperu.com\/?p=120810"},"modified":"2024-05-09T21:38:12","modified_gmt":"2024-05-10T02:38:12","slug":"san-martin-es-sede-del-primer-encuentro-nacional-de-areas-de-conservacion-regional","status":"publish","type":"post","link":"https:\/\/elinformanteperu.com\/index.php\/2024\/05\/09\/san-martin-es-sede-del-primer-encuentro-nacional-de-areas-de-conservacion-regional\/","title":{"rendered":"San Mart\u00edn es sede del primer encuentro nacional de \u00e1reas de conservaci\u00f3n regional"},"content":{"rendered":"<p><strong><span style=\"color: #000000;\">Del 8 al 10 de mayo gobernadores y funcionarios de las regiones con ACR se reunir\u00e1n para intercambiar experiencias sobre gesti\u00f3n de estos espacios e identificar <\/span><span style=\"color: #000000;\">oportunidades de articulaci\u00f3n.<\/span><\/strong><\/p>\n<p><span style=\"color: #000000;\"><strong>Lima, 9 de Mayo 2024, (El Informante Per\u00fa).-<\/strong> Por primera vez, gobernadores y funcionarios encargados de la gesti\u00f3n de las \u00c1reas de <\/span><span style=\"color: #000000;\">Conservaci\u00f3n Regional (ACR) de todo el pa\u00eds se reunir\u00e1n para intercambiar conocimientos y <\/span><span style=\"color: #000000;\">experiencias sobre estos espacios en los que se conservan m\u00e1s de dos millones de hect\u00e1reas <\/span><span style=\"color: #000000;\">de bosques y una gran muestra del patrimonio natural del Per\u00fa.<\/span><\/p>\n<p><span style=\"color: #000000;\">Del 8 al 10 de mayo, la ciudad de Tarapoto recibir\u00e1 a representantes de las \u00e1reas de <\/span><span style=\"color: #000000;\">conservaci\u00f3n de 17 departamentos del pa\u00eds en el I Congreso Nacional de Intercambio de <\/span><span style=\"color: #000000;\">Experiencias entre \u00c1reas de Conservaci\u00f3n Regional. Un espacio que tiene por finalidad la b\u00fasqueda de soluciones a los desaf\u00edos actuales y futuros en la gesti\u00f3n e integraci\u00f3n de las ACR en las pol\u00edticas p\u00fablicas.<\/span><\/p>\n<p><span style=\"color: #000000;\">En este congreso se abordar\u00e1n temas como la planificaci\u00f3n y gesti\u00f3n de las \u00e1reas de <\/span><span style=\"color: #000000;\">conservaci\u00f3n regional, espacios que se caracterizan por ser propuestos y gestionados por los gobiernos regionales, as\u00ed como por tener una amplia participaci\u00f3n de las comunidades locales en su administraci\u00f3n.<\/span><\/p>\n<p><span style=\"color: #000000;\">Tambi\u00e9n se discutir\u00e1n temas como el uso sostenible de los recursos naturales, las tareas de vigilancia y monitoreo dentro de las ACR, y se plantear\u00e1n propuestas para lograr la <\/span><span style=\"color: #000000;\">sostenibilidad financiera de estos espacios.<\/span><\/p>\n<p><span style=\"color: #000000;\">De esta manera, se espera que, al t\u00e9rmino de este primer congreso nacional de \u00e1reas de <\/span><span style=\"color: #000000;\">conservaci\u00f3n regional, se cuente con diagn\u00f3stico de estas a partir del compartir de <\/span><span style=\"color: #000000;\">experiencias, necesidades, problem\u00e1ticas y lecciones aprendidas a lo largo de los a\u00f1os por cada gobierno regional. Y, a partir de este diagn\u00f3stico, los gestores de estos espacios puedan elaborar una hoja de ruta que contemple soluciones a los desaf\u00edos actuales y futuros en la gesti\u00f3n de ACR.<\/span><\/p>\n<p><strong><span style=\"color: #000000;\">\u00bfQu\u00e9 son las \u00e1reas de conservaci\u00f3n regional?<\/span><\/strong><\/p>\n<p><span style=\"color: #000000;\">Hasta la fecha, en Per\u00fa se han establecido 32 \u00e1reas de conservaci\u00f3n regional, un tipo de \u00e1rea natural protegida que sirve para conservar la biodiversidad, los ecosistemas, especies y procesos naturales que, en conjunto, generan grandes beneficios para las poblaciones locales y el planeta entero. Un ejemplo de los beneficios que brindan estas \u00e1reas son la provisi\u00f3n de agua y alimentos, as\u00ed como el almacenamiento de carbono.<\/span><\/p>\n<p><span style=\"color: #000000;\">En estas \u00e1reas las comunidades locales tienen una participaci\u00f3n activa en la gesti\u00f3n y <\/span><span style=\"color: #000000;\">protecci\u00f3n. Asimismo, pueden desarrollar actividades sostenibles, y cadenas de valor a partir del manejo de recursos naturales y el turismo. Porque, al ser \u00e1reas naturales protegidas de uso directo, se permite el aprovechamiento y extracci\u00f3n de los recursos naturales siempre que se de con planes de manejo y de manera sostenible.<\/span><\/p>\n","protected":false},"excerpt":{"rendered":"<p>Del 8 al 10 de mayo gobernadores y funcionarios de las regiones con ACR se reunir\u00e1n para intercambiar experiencias sobre gesti\u00f3n de estos espacios e identificar oportunidades de articulaci\u00f3n. Lima, 9 de Mayo 2024, (El Informante Per\u00fa).- Por primera vez, gobernadores y funcionarios encargados de la gesti\u00f3n de las \u00c1reas de Conservaci\u00f3n Regional (ACR) de [&hellip;]<\/p>\n","protected":false},"author":1,"featured_media":120811,"comment_status":"closed","ping_status":"closed","sticky":false,"template":"","format":"standard","meta":{"rop_custom_images_group":[],"rop_custom_messages_group":[],"rop_publish_now":"initial","rop_publish_now_accounts":[],"rop_publish_now_history":[],"rop_publish_now_status":"pending","footnotes":""},"categories":[10],"tags":[],"class_list":["post-120810","post","type-post","status-publish","format-standard","has-post-thumbnail","hentry","category-actualidad-municipal"],"_links":{"self":[{"href":"https:\/\/elinformanteperu.com\/index.php\/wp-json\/wp\/v2\/posts\/120810","targetHints":{"allow":["GET"]}}],"collection":[{"href":"https:\/\/elinformanteperu.com\/index.php\/wp-json\/wp\/v2\/posts"}],"about":[{"href":"https:\/\/elinformanteperu.com\/index.php\/wp-json\/wp\/v2\/types\/post"}],"author":[{"embeddable":true,"href":"https:\/\/elinformanteperu.com\/index.php\/wp-json\/wp\/v2\/users\/1"}],"replies":[{"embeddable":true,"href":"https:\/\/elinformanteperu.com\/index.php\/wp-json\/wp\/v2\/comments?post=120810"}],"version-history":[{"count":1,"href":"https:\/\/elinformanteperu.com\/index.php\/wp-json\/wp\/v2\/posts\/120810\/revisions"}],"predecessor-version":[{"id":120812,"href":"https:\/\/elinformanteperu.com\/index.php\/wp-json\/wp\/v2\/posts\/120810\/revisions\/120812"}],"wp:featuredmedia":[{"embeddable":true,"href":"https:\/\/elinformanteperu.com\/index.php\/wp-json\/wp\/v2\/media\/120811"}],"wp:attachment":[{"href":"https:\/\/elinformanteperu.com\/index.php\/wp-json\/wp\/v2\/media?parent=120810"}],"wp:term":[{"taxonomy":"category","embeddable":true,"href":"https:\/\/elinformanteperu.com\/index.php\/wp-json\/wp\/v2\/categories?post=120810"},{"taxonomy":"post_tag","embeddable":true,"href":"https:\/\/elinformanteperu.com\/index.php\/wp-json\/wp\/v2\/tags?post=120810"}],"curies":[{"name":"wp","href":"https:\/\/api.w.org\/{rel}","templated":true}]}}