{"id":120806,"date":"2024-05-09T21:22:03","date_gmt":"2024-05-10T02:22:03","guid":{"rendered":"https:\/\/elinformanteperu.com\/?p=120806"},"modified":"2024-05-09T21:22:03","modified_gmt":"2024-05-10T02:22:03","slug":"dia-de-la-madre-oportunidad-para-celebrar-las-maternidades-con-corresponsabilidad-de-los-cuidados-y-sin-violencias","status":"publish","type":"post","link":"https:\/\/elinformanteperu.com\/index.php\/2024\/05\/09\/dia-de-la-madre-oportunidad-para-celebrar-las-maternidades-con-corresponsabilidad-de-los-cuidados-y-sin-violencias\/","title":{"rendered":"D\u00eda de la Madre: oportunidad para celebrar las maternidades con corresponsabilidad de los cuidados y sin violencias"},"content":{"rendered":"<p><strong><span style=\"color: #000000;\">La campa\u00f1a \u201c\u00bfNos toca?: Cuidemos en Igualdad, Vivamos sin Violencias\u201d demanda la creaci\u00f3n de un sistema nacional de cuidados como una estrategia para la prevenci\u00f3n y atenci\u00f3n de la violencias de g\u00e9nero porque la carga de cuidados que asumen mayoritariamente las mujeres, les resta oportunidades y limita el ejercicio de sus autonom\u00edas.<\/span><\/strong><\/p>\n<p><span style=\"color: #000000;\"><strong>Lima, 9 de Mayo 2024, (El Informante Per\u00fa).-<\/strong> \u201cCelebremos las maternidades con corresponsabilidad y sin violencias\u201d,<\/span><br \/>\n<span style=\"color: #000000;\">se\u00f1alan las representantes del Comit\u00e9 de Latinoam\u00e9rica y el Caribe para la Defensa de los Derechos de la Mujer (CLADEM Per\u00fa), en el marco de la celebraci\u00f3n del D\u00eda de la Madre; al recordar que el 87,4 % considera positivo que las mujeres trabajen, pero que, al mismo tiempo, no descuiden el cuidado de los\/as hijos\/as.<\/span><\/p>\n<p><span style=\"color: #000000;\">Estos resultados, obtenidos en la Encuesta sobre roles de g\u00e9nero para la prevenci\u00f3n de la violencia en el Per\u00fa (2022), realizada por CLADEM Per\u00fa en 10 distritos de 8 regiones del pa\u00eds, reafirman la necesidad de seguir promoviendo la corresponsabilidad en las tareas de cuidado. Es fundamental garantizar que las autonom\u00edas de las mujeres que deciden ser madres no se vean afectadas negativamente.<\/span><\/p>\n<p><span style=\"color: #000000;\">Asimismo, las representantes recordaron que en Per\u00fa, el 58,9% de las mujeres han sido v\u00edctimas de violencia psicol\u00f3gica y\/o verbal por parte de su pareja. Entre las situaciones de control m\u00e1s frecuentes se encuentran los celos (41,0%) y la insistencia en saber a d\u00f3nde va (37,1%).<\/span><\/p>\n<p><span style=\"color: #000000;\">Muchas de las mujeres que viven violencias de g\u00e9nero son madres, y se ven obligadas a permanecer en sus hogares al tener pocas posibilidades de ejercer autonom\u00eda econ\u00f3mica, ya que asumen de manera exclusiva las labores de cuidado.<\/span><\/p>\n<p><span style=\"color: #000000;\">Reconociendo esta situaci\u00f3n, las organizaciones de CLADEM que impulsan la campa\u00f1a \u201c\u00bfNos toca?: Cuidemos en Igualdad, Vivamos sin Violencias\u201d, apoyada por AECID (Agencia Espa\u00f1ola de Cooperaci\u00f3n Internacional para el Desarrollo) y la Uni\u00f3n Europea (UE); consideran que impulsar un sistema de cuidados es una estrategia para la prevenci\u00f3n y atenci\u00f3n de la violencia de g\u00e9nero.<\/span><\/p>\n<p><span style=\"color: #000000;\">Se llama la atenci\u00f3n tambi\u00e9n sobre el archivamiento de cuatro proyectos de ley para la creaci\u00f3n del Sistema Nacional de Cuidados por la Comisi\u00f3n de Mujer del Congreso de la Rep\u00fablica. Este sistema ten\u00eda como objetivo optimizar la inversi\u00f3n del Estado en beneficio de las mujeres y la poblaci\u00f3n en general, as\u00ed como integrar los servicios comunitarios creados por las propias mujeres. De esta<\/span><br \/>\n<span style=\"color: #000000;\">manera se quer\u00eda reconocer, reducir y redistribuir los trabajos de cuidado para que la corresponsabilidad sea asumida por hombres y mujeres, as\u00ed como por el Estado, la comunidad y las familias.<\/span><\/p>\n<p><a href=\"https:\/\/elinformanteperu.com\/wp-content\/uploads\/2024\/05\/CLADEM-Peru1.jpg\"><img fetchpriority=\"high\" decoding=\"async\" class=\" wp-image-120808 aligncenter\" src=\"https:\/\/elinformanteperu.com\/wp-content\/uploads\/2024\/05\/CLADEM-Peru1.jpg\" alt=\"\" width=\"318\" height=\"403\" srcset=\"https:\/\/elinformanteperu.com\/wp-content\/uploads\/2024\/05\/CLADEM-Peru1.jpg 417w, https:\/\/elinformanteperu.com\/wp-content\/uploads\/2024\/05\/CLADEM-Peru1-237x300.jpg 237w\" sizes=\"(max-width: 318px) 100vw, 318px\" \/><\/a><\/p>\n","protected":false},"excerpt":{"rendered":"<p>La campa\u00f1a \u201c\u00bfNos toca?: Cuidemos en Igualdad, Vivamos sin Violencias\u201d demanda la creaci\u00f3n de un sistema nacional de cuidados como una estrategia para la prevenci\u00f3n y atenci\u00f3n de la violencias de g\u00e9nero porque la carga de cuidados que asumen mayoritariamente las mujeres, les resta oportunidades y limita el ejercicio de sus autonom\u00edas. Lima, 9 de [&hellip;]<\/p>\n","protected":false},"author":1,"featured_media":120807,"comment_status":"closed","ping_status":"closed","sticky":false,"template":"","format":"standard","meta":{"rop_custom_images_group":[],"rop_custom_messages_group":[],"rop_publish_now":"initial","rop_publish_now_accounts":[],"rop_publish_now_history":[],"rop_publish_now_status":"pending","footnotes":""},"categories":[10],"tags":[7450,312],"class_list":["post-120806","post","type-post","status-publish","format-standard","has-post-thumbnail","hentry","category-actualidad-municipal","tag-cladem-peru","tag-ministerio-de-la-mujer"],"_links":{"self":[{"href":"https:\/\/elinformanteperu.com\/index.php\/wp-json\/wp\/v2\/posts\/120806","targetHints":{"allow":["GET"]}}],"collection":[{"href":"https:\/\/elinformanteperu.com\/index.php\/wp-json\/wp\/v2\/posts"}],"about":[{"href":"https:\/\/elinformanteperu.com\/index.php\/wp-json\/wp\/v2\/types\/post"}],"author":[{"embeddable":true,"href":"https:\/\/elinformanteperu.com\/index.php\/wp-json\/wp\/v2\/users\/1"}],"replies":[{"embeddable":true,"href":"https:\/\/elinformanteperu.com\/index.php\/wp-json\/wp\/v2\/comments?post=120806"}],"version-history":[{"count":1,"href":"https:\/\/elinformanteperu.com\/index.php\/wp-json\/wp\/v2\/posts\/120806\/revisions"}],"predecessor-version":[{"id":120809,"href":"https:\/\/elinformanteperu.com\/index.php\/wp-json\/wp\/v2\/posts\/120806\/revisions\/120809"}],"wp:featuredmedia":[{"embeddable":true,"href":"https:\/\/elinformanteperu.com\/index.php\/wp-json\/wp\/v2\/media\/120807"}],"wp:attachment":[{"href":"https:\/\/elinformanteperu.com\/index.php\/wp-json\/wp\/v2\/media?parent=120806"}],"wp:term":[{"taxonomy":"category","embeddable":true,"href":"https:\/\/elinformanteperu.com\/index.php\/wp-json\/wp\/v2\/categories?post=120806"},{"taxonomy":"post_tag","embeddable":true,"href":"https:\/\/elinformanteperu.com\/index.php\/wp-json\/wp\/v2\/tags?post=120806"}],"curies":[{"name":"wp","href":"https:\/\/api.w.org\/{rel}","templated":true}]}}