{"id":120798,"date":"2024-05-08T01:17:53","date_gmt":"2024-05-08T06:17:53","guid":{"rendered":"https:\/\/elinformanteperu.com\/?p=120798"},"modified":"2024-05-08T01:17:53","modified_gmt":"2024-05-08T06:17:53","slug":"gobierno-anuncia-construccion-de-planta-de-produccion-de-hidrogeno-verde-en-arequipa","status":"publish","type":"post","link":"https:\/\/elinformanteperu.com\/index.php\/2024\/05\/08\/gobierno-anuncia-construccion-de-planta-de-produccion-de-hidrogeno-verde-en-arequipa\/","title":{"rendered":"Gobierno anuncia construcci\u00f3n de planta de producci\u00f3n de hidr\u00f3geno verde en Arequipa"},"content":{"rendered":"<p><strong><span style=\"color: #000000;\">Con una inversi\u00f3n que supera los US$ 2,500 millones<\/span><\/strong><\/p>\n<p><span style=\"color: #000000;\"><strong>Lima, 7 de Mayo 2024, (ANDINA).-<\/strong> El vocero del Despacho Presidencial, Fredy Hinojosa Angulo, anunci\u00f3 el inicio de la construcci\u00f3n de una planta de producci\u00f3n de hidr\u00f3geno verde en Arequipa, lo cual demandar\u00e1 una inversi\u00f3n por encima de 2,500 millones de d\u00f3lares.<\/span><\/p>\n<p><span style=\"color: #000000;\">En conferencia de prensa, inform\u00f3 que esta ma\u00f1ana la presidenta de la rep\u00fablica, Dina Boluarte, sostuvo una reuni\u00f3n de trabajo con el gobernador regional de Arequipa, Rohel S\u00e1nchez, donde se trat\u00f3, entre otros temas la construcci\u00f3n de la referida planta.<\/span><\/p>\n<p><span style=\"color: #000000;\">\u00abYa podemos anunciar a la ciudadan\u00eda arequipe\u00f1a particularmente el inicio de la construcci\u00f3n de una planta de producci\u00f3n de hidr\u00f3geno verde, un proyecto muy importante con una inversi\u00f3n por encima de los 2,500 millones de d\u00f3lares\u00bb, refiri\u00f3 el vocero al dar cuenta de dos d\u00edas de actividades de la jefa de Estado.<\/span><\/p>\n<p><span style=\"color: #000000;\">Hinojosa indic\u00f3 que hoy se anunci\u00f3 que el Ministerio de Defensa pone a disposici\u00f3n del gobierno regional de Arequipa el terreno donde se desarrollar\u00e1 el proyecto de inversi\u00f3n, el cual generar\u00e1 2,600 puesto de trabajo que beneficiar\u00e1n no solo a Arequipa sino tambi\u00e9n a las regiones sur.<\/span><\/p>\n<p><span style=\"color: #000000;\">Asimismo, dio a conocer que la presidenta Boluarte tambi\u00e9n sostuvo hoy una reuni\u00f3n de trabajo con el gobierno regional de Ucayali para identificar proyectos de inversi\u00f3n que beneficien a la ciudadan\u00eda.<\/span><\/p>\n<p><strong><span style=\"color: #000000;\">CTS<\/span><\/strong><\/p>\n<p><span style=\"color: #000000;\">Sobre la aut\u00f3grafa de ley que autoriza la libre disponibilidad de la Compensaci\u00f3n por Tiempo de Servicios (CTS), el vocero del Despacho Presidencial indic\u00f3 que el documento ya ha sido remitido al Poder Ejecutivo y que corresponde a sectores involucrados emitir el pronunciamiento que en los pr\u00f3ximos d\u00edas se har\u00e1 p\u00fablico.<\/span><\/p>\n<p><span style=\"color: #000000;\">En cuanto a la solicitud de informaci\u00f3n sobre la supuesta ausencia de la presidenta Boluarte de sus labores, Hinojosa fue fue enf\u00e1tico en se\u00f1alar que la Constituci\u00f3n establece el derecho a la intimidad personal y este derecho tambi\u00e9n asiste a la presidenta de la rep\u00fablica. \u00abPor tanto, no me voy a pronunciar sobre aquellos actos que formen parte de la esfera privada de la presidenta\u00bb, dijo.<\/span><\/p>\n<p><span style=\"color: #000000;\">No obstante, subray\u00f3 que la jefa de Estado desde el primer d\u00eda que asumi\u00f3 el cargo lo ejerce a cabalidad y en estricta observancia de la normatividad legal, adem\u00e1s que lo hace de manera constante, incluyendo fines de semana y feriados.<\/span><\/p>\n","protected":false},"excerpt":{"rendered":"<p>Con una inversi\u00f3n que supera los US$ 2,500 millones Lima, 7 de Mayo 2024, (ANDINA).- El vocero del Despacho Presidencial, Fredy Hinojosa Angulo, anunci\u00f3 el inicio de la construcci\u00f3n de una planta de producci\u00f3n de hidr\u00f3geno verde en Arequipa, lo cual demandar\u00e1 una inversi\u00f3n por encima de 2,500 millones de d\u00f3lares. En conferencia de prensa, [&hellip;]<\/p>\n","protected":false},"author":1,"featured_media":120799,"comment_status":"closed","ping_status":"closed","sticky":false,"template":"","format":"standard","meta":{"rop_custom_images_group":[],"rop_custom_messages_group":[],"rop_publish_now":"initial","rop_publish_now_accounts":[],"rop_publish_now_history":[],"rop_publish_now_status":"pending","footnotes":""},"categories":[5],"tags":[769,1564,189,2317],"class_list":["post-120798","post","type-post","status-publish","format-standard","has-post-thumbnail","hentry","category-actualidad-informativa","tag-arequipa","tag-gobierno-regional-de-arequipa","tag-pcm","tag-presidencia-del-consejo-de-ministros"],"_links":{"self":[{"href":"https:\/\/elinformanteperu.com\/index.php\/wp-json\/wp\/v2\/posts\/120798","targetHints":{"allow":["GET"]}}],"collection":[{"href":"https:\/\/elinformanteperu.com\/index.php\/wp-json\/wp\/v2\/posts"}],"about":[{"href":"https:\/\/elinformanteperu.com\/index.php\/wp-json\/wp\/v2\/types\/post"}],"author":[{"embeddable":true,"href":"https:\/\/elinformanteperu.com\/index.php\/wp-json\/wp\/v2\/users\/1"}],"replies":[{"embeddable":true,"href":"https:\/\/elinformanteperu.com\/index.php\/wp-json\/wp\/v2\/comments?post=120798"}],"version-history":[{"count":1,"href":"https:\/\/elinformanteperu.com\/index.php\/wp-json\/wp\/v2\/posts\/120798\/revisions"}],"predecessor-version":[{"id":120800,"href":"https:\/\/elinformanteperu.com\/index.php\/wp-json\/wp\/v2\/posts\/120798\/revisions\/120800"}],"wp:featuredmedia":[{"embeddable":true,"href":"https:\/\/elinformanteperu.com\/index.php\/wp-json\/wp\/v2\/media\/120799"}],"wp:attachment":[{"href":"https:\/\/elinformanteperu.com\/index.php\/wp-json\/wp\/v2\/media?parent=120798"}],"wp:term":[{"taxonomy":"category","embeddable":true,"href":"https:\/\/elinformanteperu.com\/index.php\/wp-json\/wp\/v2\/categories?post=120798"},{"taxonomy":"post_tag","embeddable":true,"href":"https:\/\/elinformanteperu.com\/index.php\/wp-json\/wp\/v2\/tags?post=120798"}],"curies":[{"name":"wp","href":"https:\/\/api.w.org\/{rel}","templated":true}]}}