{"id":120795,"date":"2024-05-08T01:15:00","date_gmt":"2024-05-08T06:15:00","guid":{"rendered":"https:\/\/elinformanteperu.com\/?p=120795"},"modified":"2024-05-08T01:15:00","modified_gmt":"2024-05-08T06:15:00","slug":"fuerza-popular-alberto-fujimori-tiene-derecho-a-recibir-una-pension","status":"publish","type":"post","link":"https:\/\/elinformanteperu.com\/index.php\/2024\/05\/08\/fuerza-popular-alberto-fujimori-tiene-derecho-a-recibir-una-pension\/","title":{"rendered":"Fuerza Popular: Alberto Fujimori tiene derecho a recibir una pensi\u00f3n"},"content":{"rendered":"<p><span style=\"color: #000000;\"><strong>Lima, 7 de Mayo 2024, (ANDINA).<\/strong>&#8211; El partido Fuerza Popular consider\u00f3 que Alberto Fujimori tiene el leg\u00edtimo derecho a recibir una pensi\u00f3n del Congreso de la Rep\u00fablica, en su condici\u00f3n de expresidente del pa\u00eds.<\/span><\/p>\n<p><span style=\"color: #000000;\">\u00abNo solo porque as\u00ed lo dispone la Ley 26519, sino porque adem\u00e1s con \u00e9l se derrot\u00f3 a Sendero Luminoso, al MRTA y la hiperinflaci\u00f3n, y a trav\u00e9s de su gobierno se retom\u00f3 la ruta de desarrollo de nuestra Patria\u00bb, indican en un pronunciamiento.<\/span><\/p>\n<p><span style=\"color: #000000;\">Se\u00f1alan que son millones los peruanos que est\u00e1n agradecidos con Fujimori por lo que hizo, y, seg\u00fan dicen, corresponde defenderlo de los ataques de quienes cuestionan sus logros.<\/span><\/p>\n<p><span style=\"color: #000000;\">Alberto Fujimori envi\u00f3 una carta al Congreso pidiendo la entrega de la pensi\u00f3n que le corresponde en su condici\u00f3n de expresidente, que equivale a 15,600 soles mensuales; as\u00ed como una oficina parlamentaria y personal.<\/span><\/p>\n<p><span style=\"color: #000000;\">Elio Riera, abogado de Fujimori, asegura que este pedido \u00abest\u00e1 amparado en la ley\u00bb, y sostuvo que la deuda por reparaci\u00f3n civil impuesta contra el expresidente est\u00e1 todav\u00eda en discusi\u00f3n y a la espera de una decisi\u00f3n del Tribunal Constitucional.<\/span><\/p>\n<blockquote class=\"twitter-tweet\">\n<p dir=\"ltr\" lang=\"qme\"><a href=\"https:\/\/twitter.com\/hashtag\/ContigoPresidenteFujimori?src=hash&amp;ref_src=twsrc%5Etfw\">#ContigoPresidenteFujimori<\/a> <a href=\"https:\/\/t.co\/ArfayLfCeD\">pic.twitter.com\/ArfayLfCeD<\/a><\/p>\n<p>\u2014 Partido Pol\u00edtico Fuerza Popular (@FuerzaPopular__) <a href=\"https:\/\/twitter.com\/FuerzaPopular__\/status\/1787650097842426085?ref_src=twsrc%5Etfw\">May 7, 2024<\/a><\/p><\/blockquote>\n<p><script async src=\"https:\/\/platform.twitter.com\/widgets.js\" charset=\"utf-8\"><\/script><\/p>\n","protected":false},"excerpt":{"rendered":"<p>Lima, 7 de Mayo 2024, (ANDINA).&#8211; El partido Fuerza Popular consider\u00f3 que Alberto Fujimori tiene el leg\u00edtimo derecho a recibir una pensi\u00f3n del Congreso de la Rep\u00fablica, en su condici\u00f3n de expresidente del pa\u00eds. \u00abNo solo porque as\u00ed lo dispone la Ley 26519, sino porque adem\u00e1s con \u00e9l se derrot\u00f3 a Sendero Luminoso, al MRTA [&hellip;]<\/p>\n","protected":false},"author":1,"featured_media":120796,"comment_status":"closed","ping_status":"closed","sticky":false,"template":"","format":"standard","meta":{"rop_custom_images_group":[],"rop_custom_messages_group":[],"rop_publish_now":"initial","rop_publish_now_accounts":[],"rop_publish_now_history":[],"rop_publish_now_status":"pending","footnotes":""},"categories":[5],"tags":[343,295],"class_list":["post-120795","post","type-post","status-publish","format-standard","has-post-thumbnail","hentry","category-actualidad-informativa","tag-alberto-fujimori","tag-fuerza-popular"],"_links":{"self":[{"href":"https:\/\/elinformanteperu.com\/index.php\/wp-json\/wp\/v2\/posts\/120795","targetHints":{"allow":["GET"]}}],"collection":[{"href":"https:\/\/elinformanteperu.com\/index.php\/wp-json\/wp\/v2\/posts"}],"about":[{"href":"https:\/\/elinformanteperu.com\/index.php\/wp-json\/wp\/v2\/types\/post"}],"author":[{"embeddable":true,"href":"https:\/\/elinformanteperu.com\/index.php\/wp-json\/wp\/v2\/users\/1"}],"replies":[{"embeddable":true,"href":"https:\/\/elinformanteperu.com\/index.php\/wp-json\/wp\/v2\/comments?post=120795"}],"version-history":[{"count":1,"href":"https:\/\/elinformanteperu.com\/index.php\/wp-json\/wp\/v2\/posts\/120795\/revisions"}],"predecessor-version":[{"id":120797,"href":"https:\/\/elinformanteperu.com\/index.php\/wp-json\/wp\/v2\/posts\/120795\/revisions\/120797"}],"wp:featuredmedia":[{"embeddable":true,"href":"https:\/\/elinformanteperu.com\/index.php\/wp-json\/wp\/v2\/media\/120796"}],"wp:attachment":[{"href":"https:\/\/elinformanteperu.com\/index.php\/wp-json\/wp\/v2\/media?parent=120795"}],"wp:term":[{"taxonomy":"category","embeddable":true,"href":"https:\/\/elinformanteperu.com\/index.php\/wp-json\/wp\/v2\/categories?post=120795"},{"taxonomy":"post_tag","embeddable":true,"href":"https:\/\/elinformanteperu.com\/index.php\/wp-json\/wp\/v2\/tags?post=120795"}],"curies":[{"name":"wp","href":"https:\/\/api.w.org\/{rel}","templated":true}]}}