{"id":120718,"date":"2024-05-06T02:02:29","date_gmt":"2024-05-06T07:02:29","guid":{"rendered":"https:\/\/elinformanteperu.com\/?p=120718"},"modified":"2024-05-06T02:02:29","modified_gmt":"2024-05-06T07:02:29","slug":"ministro-de-educacion-ejecutivo-cuida-mucho-los-recursos-publicos","status":"publish","type":"post","link":"https:\/\/elinformanteperu.com\/index.php\/2024\/05\/06\/ministro-de-educacion-ejecutivo-cuida-mucho-los-recursos-publicos\/","title":{"rendered":"Ministro de Educaci\u00f3n: Ejecutivo cuida mucho los recursos p\u00fablicos"},"content":{"rendered":"<p><strong><span style=\"color: #000000;\">Record\u00f3 que en marzo se aprob\u00f3 un decreto de urgencia para asegurar la eficiencia en el gasto p\u00fablico<\/span><\/strong><\/p>\n<p><span style=\"color: #000000;\"><strong>Lima, 5 de Mayo 2024, (ANDINA).-<\/strong> El ministro de Educaci\u00f3n, Morgan Quero, subray\u00f3 que desde el Poder Ejecutivo se est\u00e1n cuidando mucho los recursos p\u00fablicos y, sobre todo, invirtiendo a favor de la educaci\u00f3n y los ni\u00f1os.<\/span><\/p>\n<p><span style=\"color: #000000;\">Record\u00f3 que el pasado 23 de marzo se public\u00f3 el Decreto de Urgencia N\u00b0 006-2024, que establece medidas para asegurar la eficiencia del gasto p\u00fablico durante el presente a\u00f1o fiscal, por lo cual exhort\u00f3 a todas las entidades del Estado a que prime la austeridad en el uso de recursos p\u00fablicos.<\/span><\/p>\n<p><span style=\"color: #000000;\">\u00abCreo que todos tenemos que hacer una reflexi\u00f3n sobre una necesaria austeridad, sobre todo el 2024 donde como consecuencia de un crecimiento bajo el a\u00f1o pasado, lamentablemente por una serie de sucesos tanto climatol\u00f3gicos como sociales, hemos tenido esta situaci\u00f3n todos tenemos que afrontar y todos ponernos en modo Bicentenario\u00bb, expres\u00f3 desde Arequipa a donde lleg\u00f3 para participar en las reuniones en el marco de APEC Per\u00fa 2024.<\/span><\/p>\n<p><span style=\"color: #000000;\">Quero enfatiz\u00f3 que todas las entidades p\u00fablicas, en el marco de sus atribuciones, tienen que cuidar los recursos de una forma mucho m\u00e1s relevante.<\/span><\/p>\n<p><span style=\"color: #000000;\">\u00abCada poder del Estado tendr\u00e1 su atribuci\u00f3n para resolver, en todo caso en lo que compete al gobierno, al Poder Ejecutivo estamos en esta tesitura de cuidar mucho los recurso p\u00fablicos y, sobre todo, invirtiendo en favor de nuestra educaci\u00f3n, de nuestros ni\u00f1os\u00bb, asever\u00f3.<\/span><\/p>\n<p><span style=\"color: #000000;\">Consultado sobre el anunciado paro de docentes del Sindicato \u00danico de Trabajadores en Educaci\u00f3n del Per\u00fa (Sutep) para el pr\u00f3ximo 23 de mayo en demanda de mejoras salariales y en la educaci\u00f3n, el ministro record\u00f3 que en los \u00faltimos a\u00f1os los docentes recibieron un incremento en sus remuneraciones del 48%.<\/span><\/p>\n<p><span style=\"color: #000000;\">\u00abQuiero recalcar que en los \u00faltimos cinco a\u00f1os los docentes peruanos, dentro de la Carrera P\u00fablica Magisterial, que refrendamos a favor meritocracia, han recibido un amento de 48%, es considerable el esfuerzo que hace sociedad peruana. Estamos comprometidos con las mejoras de nuestros docentes\u00bb, afirm\u00f3.<\/span><\/p>\n<p><span style=\"color: #000000;\">Es ese sentido, mencion\u00f3 que se ha ampliando el plazo para quienes est\u00e1n interesados en presentarse al concurso para la carrera magisterial. Al respecto, record\u00f3 que hasta el 7 de mayo se podr\u00e1n inscribir los docentes para postular a 50 mil plazas.<\/span><\/p>\n<p><span style=\"color: #000000;\">El ministro de Educaci\u00f3n, Morgan Quero, presenta en Arequipa una exposici\u00f3n magistral sobre el trabajo que desarrolla su sector ante el Grupo de Trabajo sobre el Desarrollo de los Recursos Humanos del Foro APEC.<\/span><\/p>\n<p><span style=\"color: #000000;\">La autoridad inici\u00f3 su participaci\u00f3n explicando a los representantes de las 21 econom\u00edas de APEC que el Per\u00fa es cuna de la civilizaci\u00f3n y est\u00e1 integrado con \u00e9xito al Asia-Pac\u00edfico a trav\u00e9s de m\u00faltiples actividades.<\/span><\/p>\n","protected":false},"excerpt":{"rendered":"<p>Record\u00f3 que en marzo se aprob\u00f3 un decreto de urgencia para asegurar la eficiencia en el gasto p\u00fablico Lima, 5 de Mayo 2024, (ANDINA).- El ministro de Educaci\u00f3n, Morgan Quero, subray\u00f3 que desde el Poder Ejecutivo se est\u00e1n cuidando mucho los recursos p\u00fablicos y, sobre todo, invirtiendo a favor de la educaci\u00f3n y los ni\u00f1os. [&hellip;]<\/p>\n","protected":false},"author":1,"featured_media":120719,"comment_status":"closed","ping_status":"closed","sticky":false,"template":"","format":"standard","meta":{"rop_custom_images_group":[],"rop_custom_messages_group":[],"rop_publish_now":"initial","rop_publish_now_accounts":[],"rop_publish_now_history":[],"rop_publish_now_status":"pending","footnotes":""},"categories":[5],"tags":[1668,328],"class_list":["post-120718","post","type-post","status-publish","format-standard","has-post-thumbnail","hentry","category-actualidad-informativa","tag-minedu","tag-ministerio-de-de-educacion"],"_links":{"self":[{"href":"https:\/\/elinformanteperu.com\/index.php\/wp-json\/wp\/v2\/posts\/120718","targetHints":{"allow":["GET"]}}],"collection":[{"href":"https:\/\/elinformanteperu.com\/index.php\/wp-json\/wp\/v2\/posts"}],"about":[{"href":"https:\/\/elinformanteperu.com\/index.php\/wp-json\/wp\/v2\/types\/post"}],"author":[{"embeddable":true,"href":"https:\/\/elinformanteperu.com\/index.php\/wp-json\/wp\/v2\/users\/1"}],"replies":[{"embeddable":true,"href":"https:\/\/elinformanteperu.com\/index.php\/wp-json\/wp\/v2\/comments?post=120718"}],"version-history":[{"count":1,"href":"https:\/\/elinformanteperu.com\/index.php\/wp-json\/wp\/v2\/posts\/120718\/revisions"}],"predecessor-version":[{"id":120720,"href":"https:\/\/elinformanteperu.com\/index.php\/wp-json\/wp\/v2\/posts\/120718\/revisions\/120720"}],"wp:featuredmedia":[{"embeddable":true,"href":"https:\/\/elinformanteperu.com\/index.php\/wp-json\/wp\/v2\/media\/120719"}],"wp:attachment":[{"href":"https:\/\/elinformanteperu.com\/index.php\/wp-json\/wp\/v2\/media?parent=120718"}],"wp:term":[{"taxonomy":"category","embeddable":true,"href":"https:\/\/elinformanteperu.com\/index.php\/wp-json\/wp\/v2\/categories?post=120718"},{"taxonomy":"post_tag","embeddable":true,"href":"https:\/\/elinformanteperu.com\/index.php\/wp-json\/wp\/v2\/tags?post=120718"}],"curies":[{"name":"wp","href":"https:\/\/api.w.org\/{rel}","templated":true}]}}