{"id":120712,"date":"2024-05-06T01:56:14","date_gmt":"2024-05-06T06:56:14","guid":{"rendered":"https:\/\/elinformanteperu.com\/?p=120712"},"modified":"2024-05-06T01:56:14","modified_gmt":"2024-05-06T06:56:14","slug":"essalud-padre-de-familia-dona-sus-organos-y-salva-la-vida-de-seis-personas-2","status":"publish","type":"post","link":"https:\/\/elinformanteperu.com\/index.php\/2024\/05\/06\/essalud-padre-de-familia-dona-sus-organos-y-salva-la-vida-de-seis-personas-2\/","title":{"rendered":"EsSalud: padre de familia dona sus \u00f3rganos y salva la vida de seis personas"},"content":{"rendered":"<p><span style=\"color: #000000;\"><strong>Lima, 5 de Mayo 2024, (ANDINA).-<\/strong> El pasado viernes 3 de mayo, Mar\u00eda Teresa Benito Orihuela ejerci\u00f3 finalmente su derecho a una muerte digna a trav\u00e9s del retiro de medidas de soporte vital, previa sedaci\u00f3n paliativa, muriendo rodeada del amor de su familia y parti\u00f3 durmiendo, conforme a su voluntad, inform\u00f3 su abogada, Josefina Miro Quesada Gayoso.<\/span><\/p>\n<p><span style=\"color: #000000;\">Mediante un comunicado difundida en las redes sociales, la abogada explic\u00f3 que el procedimiento m\u00e9dico fue realizado en cumplimiento de la sentencia firme emitida por la Tercera Sala Constitucional de la Corte Superior de Lima que, en febrero de 2024, orden\u00f3 a EsSalud a respetar y garantizar la decisi\u00f3n libre e informada de Mar\u00eda de rechazar los tratamientos m\u00e9dicos que prolongaban artificialmente su vida y la hac\u00edan sufrir en demas\u00eda.<\/span><\/p>\n<p><span style=\"color: #000000;\">A\u00f1ade que el pedido de Mar\u00eda siempre estuvo amparado en la Ley General de Salud, su Reglamento y el C\u00f3digo de \u00c9tica M\u00e9dica.<\/span><\/p>\n<p><span style=\"color: #000000;\">Indica que la sentencia a su favor ratific\u00f3 que rechazar un tratamiento m\u00e9dico incluido el de soporte vital es parte de un derecho fundamental.<\/span><\/p>\n<p><span style=\"color: #000000;\">\u201cMar\u00eda tuvo que enfrentar un proceso judicial innecesario frente a la negativa infundada de EsSalud de respetar su decisi\u00f3n. Tras cinco meses de litigio, este proceso finalmente le dio la raz\u00f3n\u201d, anota el comunicado.<\/span><\/p>\n<p><span style=\"color: #000000;\">Se\u00f1ala que el derecho a rechazar tratamientos m\u00e9dicos es una forma de adecuaci\u00f3n del esfuerzo terap\u00e9utico: una pr\u00e1ctica m\u00e9dica que se aplica cuando un tratamiento ya no es beneficioso para una persona y, por el contrario, le genera sufrimientos.<\/span><\/p>\n<p><span style=\"color: #000000;\">Adem\u00e1s, permite a una persona no iniciar o suspender un tratamiento para que su enfermedad siga su curso, incluso si ello desemboca en una muerte natural.<\/span><\/p>\n<p><span style=\"color: #000000;\">Esta es una opci\u00f3n distinta a la eutanasia, aplicaci\u00f3n de una sustancia letal que causa la muerte a solicitud del paciente, pero tambi\u00e9n una forma de ejercer el derecho a una muerte digna, y es legal en el Per\u00fa.<\/span><\/p>\n<p><span style=\"color: #000000;\">Mar\u00eda vivi\u00f3 m\u00e1s de 10 a\u00f1os con Esclerosis Lateral Amiotr\u00f3fica (ELA), una enfermedad incurable, progresiva y degenerativa que la inmoviliz\u00f3 totalmente, pudiendo mover solo sus ojos para comunicarse.<\/span><\/p>\n<p><span style=\"color: #000000;\">A pesar de las barreras que enfrent\u00f3 en un contexto de sufrimientos, nunca baj\u00f3 la guardia.<\/span><\/p>\n<p><span style=\"color: #000000;\">Mar\u00eda nos ense\u00f1\u00f3 que dejar partir es tambi\u00e9n una forma de amar y que morir es parte de la vida, aunque no se guste hablar de ello<\/span><\/p>\n<p><span style=\"color: #000000;\">Tras la hist\u00f3rica sentencia a favor de Ana Estrada, el caso de Mar\u00eda Benito es el segundo en el Per\u00fa sobre el derecho a una muerte digna.<\/span><\/p>\n<p><span style=\"color: #000000;\">Como Ana, Mar\u00eda tambi\u00e9n decidi\u00f3 luchar por su derecho a decidir sobre al final de su vida para que su proceso de muerte no sea un sufrimiento, sino acorde a su idea de dignidad.<\/span><\/p>\n<p><span style=\"color: #000000;\">Ana y Mar\u00eda fueron amigas que lucharon juntas no s\u00f3lo por sus derechos, sino pensando en el legado que dejan para el resto.<\/span><\/p>\n<p><span style=\"color: #000000;\">\u201cLa historia de Mar\u00eda vivir\u00e1 por siempre en los corazones y mentes de las y los peruanos. Sus familiares y seres queridos celebramos la mujer luchadora que fue en vida y agradecemos las muestras de cari\u00f1o, apoyo y comprensi\u00f3n. Pedimos a los medios de comunicaci\u00f3n respetar la privacidad de la familia en estos momentos\u201d, finaliza el comunicado.<\/span><\/p>\n<blockquote class=\"twitter-tweet\">\n<p dir=\"ltr\" lang=\"es\">COMUNICADO DE PRENSA.<br \/>\nMar\u00eda ya es libre. \u2665\ufe0f\ud83d\udd4a\ufe0f Gracias a todos y todas por hacer eco de su voz. <a href=\"https:\/\/t.co\/ggLM9sD2Ox\">pic.twitter.com\/ggLM9sD2Ox<\/a><\/p>\n<p>\u2014 Josefina MQ.Gayoso \ud83c\udf49 (@Josefina_28) <a href=\"https:\/\/twitter.com\/Josefina_28\/status\/1787166559225495613?ref_src=twsrc%5Etfw\">May 5, 2024<\/a><\/p><\/blockquote>\n<p><script async src=\"https:\/\/platform.twitter.com\/widgets.js\" charset=\"utf-8\"><\/script><\/p>\n","protected":false},"excerpt":{"rendered":"<p>Lima, 5 de Mayo 2024, (ANDINA).- El pasado viernes 3 de mayo, Mar\u00eda Teresa Benito Orihuela ejerci\u00f3 finalmente su derecho a una muerte digna a trav\u00e9s del retiro de medidas de soporte vital, previa sedaci\u00f3n paliativa, muriendo rodeada del amor de su familia y parti\u00f3 durmiendo, conforme a su voluntad, inform\u00f3 su abogada, Josefina Miro [&hellip;]<\/p>\n","protected":false},"author":1,"featured_media":120713,"comment_status":"closed","ping_status":"closed","sticky":false,"template":"","format":"standard","meta":{"rop_custom_images_group":[],"rop_custom_messages_group":[],"rop_publish_now":"initial","rop_publish_now_accounts":[],"rop_publish_now_history":[],"rop_publish_now_status":"pending","footnotes":""},"categories":[10],"tags":[451],"class_list":["post-120712","post","type-post","status-publish","format-standard","has-post-thumbnail","hentry","category-actualidad-municipal","tag-essalud"],"_links":{"self":[{"href":"https:\/\/elinformanteperu.com\/index.php\/wp-json\/wp\/v2\/posts\/120712","targetHints":{"allow":["GET"]}}],"collection":[{"href":"https:\/\/elinformanteperu.com\/index.php\/wp-json\/wp\/v2\/posts"}],"about":[{"href":"https:\/\/elinformanteperu.com\/index.php\/wp-json\/wp\/v2\/types\/post"}],"author":[{"embeddable":true,"href":"https:\/\/elinformanteperu.com\/index.php\/wp-json\/wp\/v2\/users\/1"}],"replies":[{"embeddable":true,"href":"https:\/\/elinformanteperu.com\/index.php\/wp-json\/wp\/v2\/comments?post=120712"}],"version-history":[{"count":1,"href":"https:\/\/elinformanteperu.com\/index.php\/wp-json\/wp\/v2\/posts\/120712\/revisions"}],"predecessor-version":[{"id":120714,"href":"https:\/\/elinformanteperu.com\/index.php\/wp-json\/wp\/v2\/posts\/120712\/revisions\/120714"}],"wp:featuredmedia":[{"embeddable":true,"href":"https:\/\/elinformanteperu.com\/index.php\/wp-json\/wp\/v2\/media\/120713"}],"wp:attachment":[{"href":"https:\/\/elinformanteperu.com\/index.php\/wp-json\/wp\/v2\/media?parent=120712"}],"wp:term":[{"taxonomy":"category","embeddable":true,"href":"https:\/\/elinformanteperu.com\/index.php\/wp-json\/wp\/v2\/categories?post=120712"},{"taxonomy":"post_tag","embeddable":true,"href":"https:\/\/elinformanteperu.com\/index.php\/wp-json\/wp\/v2\/tags?post=120712"}],"curies":[{"name":"wp","href":"https:\/\/api.w.org\/{rel}","templated":true}]}}